{"id":4725,"date":"2012-01-10T01:32:10","date_gmt":"2012-01-10T01:32:10","guid":{"rendered":"http:\/\/preprod.meltem-int.com\/marie\/blog\/?p=4725"},"modified":"2012-01-10T01:32:10","modified_gmt":"2012-01-10T01:32:10","slug":"prochain-rendez-vous-5","status":"publish","type":"post","link":"https:\/\/www.associationdemarie.org\/blog\/prochain-rendez-vous-5\/","title":{"rendered":"Prochain rendez-vous"},"content":{"rendered":"<p><strong><em>Dimanche 15 janvier <\/em><\/strong>\u00e0 Magalas (34)<\/p>\n<p>Pour ceux qui le veulent et le peuvent, nous assisterons\u00a0\u00e0 la messe \u00e0 St Joseph de Montrouge \u00e0 11 h.<\/p>\n<p>Le message de Marie sera donn\u00e9 ce jour l\u00e0 en direct.<\/p>\n<p style=\"text-align: center;\"><a href=\"https:\/\/www.associationdemarie.org\/blog\/wp-content\/uploads\/2012\/01\/Esprit1.gif\"><img loading=\"lazy\" decoding=\"async\" class=\"aligncenter size-full wp-image-4728\" title=\"Esprit\" src=\"https:\/\/www.associationdemarie.org\/blog\/wp-content\/uploads\/2012\/01\/Esprit1.gif\" alt=\"\" width=\"565\" height=\"378\" \/><\/a><\/p>\n<p><em>Je ne suis pas un homme de lettres ou de sciences, mais je pr\u00e9tends humblement \u00eatre un homme de pri\u00e8re. C\u2019est la pri\u00e8re qui a sauv\u00e9 ma vie; sans la pri\u00e8re j\u2019aurais depuis longtemps perdu la raison. Si je n\u2019ai pas perdu la paix de l\u2019\u00e2me, malgr\u00e9 toutes les \u00e9preuves, c\u2019est que cette paix vient de la pri\u00e8re. On peut vivre quelques jours sans manger, mais non sans prier. La pri\u00e8re est la cl\u00e9 du matin et le verrou du soir.<\/em><\/p>\n<p><em>La pri\u00e8re, c\u2019est cette alliance sacr\u00e9e entre Dieu et l\u2019homme pour obtenir d\u2019\u00eatre d\u00e9livr\u00e9 des griffes du prince des t\u00e9n\u00e8bres. Nous devons choisir: nous allier aux forces du mal ou, au contraire, aux forces du bien. Voil\u00e0 mon t\u00e9moignage personnel : que chacun tente l\u2019exp\u00e9rience et il trouvera que la pri\u00e8re quotidienne ajoute quelque chose de neuf \u00e0 sa vie, quelque chose qui n\u2019a d\u2019\u00e9quivalent nulle part ailleurs.<\/em><\/p>\n<p><strong>Mahatma K. Gandhi<\/strong><\/p>\n<p>&nbsp;<\/p>\n","protected":false},"excerpt":{"rendered":"<p>Dimanche 15 janvier \u00e0 Magalas (34) Pour ceux qui le veulent et le peuvent, nous assisterons\u00a0\u00e0 la messe \u00e0 St Joseph de Montrouge \u00e0 11 h. Le message de Marie sera donn\u00e9 ce jour l\u00e0 en direct. Je ne suis pas un homme de lettres ou de sciences, mais je pr\u00e9tends humblement \u00eatre un homme [&hellip;]<\/p>\n","protected":false},"author":2,"featured_media":0,"comment_status":"closed","ping_status":"closed","sticky":false,"template":"","format":"standard","meta":{"footnotes":""},"categories":[2,14,18,19],"tags":[881],"class_list":["post-4725","post","type-post","status-publish","format-standard","hentry","category-actualites","category-groupe-prieres","category-messager","category-messages","tag-rencontres"],"_links":{"self":[{"href":"https:\/\/www.associationdemarie.org\/blog\/wp-json\/wp\/v2\/posts\/4725","targetHints":{"allow":["GET"]}}],"collection":[{"href":"https:\/\/www.associationdemarie.org\/blog\/wp-json\/wp\/v2\/posts"}],"about":[{"href":"https:\/\/www.associationdemarie.org\/blog\/wp-json\/wp\/v2\/types\/post"}],"author":[{"embeddable":true,"href":"https:\/\/www.associationdemarie.org\/blog\/wp-json\/wp\/v2\/users\/2"}],"replies":[{"embeddable":true,"href":"https:\/\/www.associationdemarie.org\/blog\/wp-json\/wp\/v2\/comments?post=4725"}],"version-history":[{"count":0,"href":"https:\/\/www.associationdemarie.org\/blog\/wp-json\/wp\/v2\/posts\/4725\/revisions"}],"wp:attachment":[{"href":"https:\/\/www.associationdemarie.org\/blog\/wp-json\/wp\/v2\/media?parent=4725"}],"wp:term":[{"taxonomy":"category","embeddable":true,"href":"https:\/\/www.associationdemarie.org\/blog\/wp-json\/wp\/v2\/categories?post=4725"},{"taxonomy":"post_tag","embeddable":true,"href":"https:\/\/www.associationdemarie.org\/blog\/wp-json\/wp\/v2\/tags?post=4725"}],"curies":[{"name":"wp","href":"https:\/\/api.w.org\/{rel}","templated":true}]}}