{"id":4686,"date":"2012-01-11T01:32:51","date_gmt":"2012-01-11T01:32:51","guid":{"rendered":"http:\/\/preprod.meltem-int.com\/marie\/blog\/?p=4686"},"modified":"2012-01-11T01:32:51","modified_gmt":"2012-01-11T01:32:51","slug":"jesus-sapprocha-delle-et-la-prit-par-la-main","status":"publish","type":"post","link":"https:\/\/www.associationdemarie.org\/blog\/jesus-sapprocha-delle-et-la-prit-par-la-main\/","title":{"rendered":"\u00ab J\u00e9sus s&rsquo;approcha d&rsquo;elle et la prit par la main. \u00bb"},"content":{"rendered":"<p><a href=\"https:\/\/www.associationdemarie.org\/blog\/wp-content\/uploads\/2012\/01\/Rembrandt.jpg\"><img loading=\"lazy\" decoding=\"async\" class=\"aligncenter size-medium wp-image-4688\" title=\"Rembrandt\" src=\"https:\/\/www.associationdemarie.org\/blog\/wp-content\/uploads\/2012\/01\/Rembrandt-300x272.jpg\" alt=\"\" width=\"300\" height=\"272\" srcset=\"https:\/\/www.associationdemarie.org\/blog\/wp-content\/uploads\/2012\/01\/Rembrandt-300x272.jpg 300w, https:\/\/www.associationdemarie.org\/blog\/wp-content\/uploads\/2012\/01\/Rembrandt.jpg 499w\" sizes=\"auto, (max-width: 300px) 100vw, 300px\" \/><\/a><\/p>\n<p>C&rsquo;est une belle chose de lire ce qui est rapport\u00e9 de la belle-m\u00e8re de saint Pierre dans l&rsquo;\u00c9vangile. Cette bonne femme, \u00e9tant malade d&rsquo;une f\u00e2cheuse fi\u00e8vre, entendait dire que notre Seigneur \u00e9tait en Capharna\u00fcm, qu&rsquo;il faisait de grands miracles, gu\u00e9rissant les malades, chassant les diables des poss\u00e9d\u00e9s, et autres merveilles. Elle savait que son gendre \u00e9tait avec le Fils de Dieu et pouvait dire \u00e0 saint Pierre : \u00ab Mon fils, votre ma\u00eetre est puissant et a le pouvoir de me d\u00e9livrer de cette maladie \u00bb. Quelque temps apr\u00e8s, voil\u00e0 que notre Seigneur vint dans sa maison, o\u00f9 elle ne t\u00e9moigne point d&rsquo;impatience pour son mal ; elle ne se plaint point, elle ne prie point son gendre, non pas m\u00eame notre Seigneur, car elle lui pouvait dire : \u00ab Je sais que vous avez la puissance de gu\u00e9rir toutes sortes de maladies, Seigneur ; ayez compassion de moi \u00bb. Pourtant elle ne dit rien de tout cela, et notre Seigneur, voyant son indiff\u00e9rence, commanda \u00e0 la fi\u00e8vre de la quitter, et au m\u00eame instant elle fut gu\u00e9rie.<\/p>\n<p>Dans toutes les choses f\u00e2cheuses qui nous arrivent, ne nous mettons point en peine, abandonnons tout cela \u00e0 la Providence, et qu&rsquo;il nous suffise que notre Seigneur nous voit et sait ce que nous endurons pour son amour et pour imiter les beaux exemples qu&rsquo;il nous a donn\u00e9s, particuli\u00e8rement au Jardin des Olives, lorsqu&rsquo;il accepta le calice&#8230; Car, bien qu&rsquo;il ait demand\u00e9 qu&rsquo;il passe, si faire se pouvait, sans qu&rsquo;il le boive, il ajouta aussit\u00f4t que la volont\u00e9 de son P\u00e8re soit faite (Mt 26,42).<\/p>\n<p>Saint Vincent de Paul (1581-1660), pr\u00eatre, fondateur de communaut\u00e9s religieuses<br \/>\n<em>Instruction du 16\/08\/1656 \u00e0 deux s\u0153urs envoy\u00e9es \u00e0 Arras<\/em><\/p>\n<p><span style=\"color: #ffffff;\"><em>.<\/em><\/span><\/p>\n<p><em><br \/>\n<\/em><\/p>\n","protected":false},"excerpt":{"rendered":"<p>C&rsquo;est une belle chose de lire ce qui est rapport\u00e9 de la belle-m\u00e8re de saint Pierre dans l&rsquo;\u00c9vangile. Cette bonne femme, \u00e9tant malade d&rsquo;une f\u00e2cheuse fi\u00e8vre, entendait dire que notre Seigneur \u00e9tait en Capharna\u00fcm, qu&rsquo;il faisait de grands miracles, gu\u00e9rissant les malades, chassant les diables des poss\u00e9d\u00e9s, et autres merveilles. Elle savait que son gendre [&hellip;]<\/p>\n","protected":false},"author":2,"featured_media":0,"comment_status":"closed","ping_status":"closed","sticky":false,"template":"","format":"standard","meta":{"footnotes":""},"categories":[3,4,13,28],"tags":[1382,967,1084],"class_list":["post-4686","post","type-post","status-publish","format-standard","hentry","category-liturgique","category-iconographie","category-ecritures","category-saints-et-saintes","tag-ecritures","tag-seigneur","tag-st-vincent-de-paul"],"_links":{"self":[{"href":"https:\/\/www.associationdemarie.org\/blog\/wp-json\/wp\/v2\/posts\/4686","targetHints":{"allow":["GET"]}}],"collection":[{"href":"https:\/\/www.associationdemarie.org\/blog\/wp-json\/wp\/v2\/posts"}],"about":[{"href":"https:\/\/www.associationdemarie.org\/blog\/wp-json\/wp\/v2\/types\/post"}],"author":[{"embeddable":true,"href":"https:\/\/www.associationdemarie.org\/blog\/wp-json\/wp\/v2\/users\/2"}],"replies":[{"embeddable":true,"href":"https:\/\/www.associationdemarie.org\/blog\/wp-json\/wp\/v2\/comments?post=4686"}],"version-history":[{"count":0,"href":"https:\/\/www.associationdemarie.org\/blog\/wp-json\/wp\/v2\/posts\/4686\/revisions"}],"wp:attachment":[{"href":"https:\/\/www.associationdemarie.org\/blog\/wp-json\/wp\/v2\/media?parent=4686"}],"wp:term":[{"taxonomy":"category","embeddable":true,"href":"https:\/\/www.associationdemarie.org\/blog\/wp-json\/wp\/v2\/categories?post=4686"},{"taxonomy":"post_tag","embeddable":true,"href":"https:\/\/www.associationdemarie.org\/blog\/wp-json\/wp\/v2\/tags?post=4686"}],"curies":[{"name":"wp","href":"https:\/\/api.w.org\/{rel}","templated":true}]}}