{"id":4667,"date":"2012-01-07T01:52:27","date_gmt":"2012-01-07T01:52:27","guid":{"rendered":"http:\/\/preprod.meltem-int.com\/marie\/blog\/?p=4667"},"modified":"2012-01-07T01:52:27","modified_gmt":"2012-01-07T01:52:27","slug":"manifestation-de-notre-seigneur","status":"publish","type":"post","link":"https:\/\/www.associationdemarie.org\/blog\/manifestation-de-notre-seigneur\/","title":{"rendered":"Manifestation de notre Seigneur"},"content":{"rendered":"<p><a href=\"https:\/\/www.associationdemarie.org\/blog\/wp-content\/uploads\/2011\/12\/Epiphanie1.jpg\"><img loading=\"lazy\" decoding=\"async\" class=\"aligncenter size-medium wp-image-4668\" title=\"Epiphanie\" src=\"https:\/\/www.associationdemarie.org\/blog\/wp-content\/uploads\/2011\/12\/Epiphanie1-300x230.jpg\" alt=\"\" width=\"300\" height=\"230\" srcset=\"https:\/\/www.associationdemarie.org\/blog\/wp-content\/uploads\/2011\/12\/Epiphanie1-300x230.jpg 300w, https:\/\/www.associationdemarie.org\/blog\/wp-content\/uploads\/2011\/12\/Epiphanie1.jpg 600w\" sizes=\"auto, (max-width: 300px) 100vw, 300px\" \/><\/a><\/p>\n<p>L&rsquo;\u00c9piphanie\u00a0c\u00e9l\u00e8bre la visite des mages \u00e0 l&rsquo;enfant J\u00e9sus, le Messie\u00a0dans le monde. Elle a lieu le\u00a06 janvier. En France,\u00a0puisque ce jour n&rsquo;est pas f\u00e9ri\u00e9, elle est c\u00e9l\u00e9br\u00e9e le deuxi\u00e8me dimanche suivant No\u00ebl.<\/p>\n<p>\u00ab\u00a0\u00c9piphanie\u00a0\u00bb est un mot d&rsquo;origine\u00a0grecque, (<em>Epiphaneia<\/em>) qui signifie \u00ab\u00a0manifestation\u00a0\u00bb ou \u00ab\u00a0apparition\u00a0\u00bb \u2013 du verbe\u00a0 (<em>fa\u00efn\u00f2<\/em>), \u00ab\u00a0se manifester, appara\u00eetre, \u00eatre \u00e9vident\u00a0\u00bb \u2013 et dont l&rsquo;utilisation est ant\u00e9rieure au christianisme. Les \u00c9piphanes sont, dans la culture grecque, les divinit\u00e9s qui apparaissent aux hommes, comme Zeus, Ath\u00e9na, Herm\u00e8s, H\u00e9ra, Pos\u00e9idon, D\u00e9m\u00e9ter, H\u00e9pha\u00efstos, Aphrodite, Ar\u00e8s, Art\u00e9mis, Hestia. L&rsquo;\u00c9piphanie chr\u00e9tienne ne s&rsquo;inspire pas du culte pa\u00efen des \u00c9piphanes, car il s&rsquo;agit d&rsquo;une c\u00e9l\u00e9bration de la manifestation publique du Fils de Dieu incarn\u00e9 (J\u00e9sus) au monde, non pas \u00e0 partir d&rsquo;une r\u00e9v\u00e9lation ext\u00e9rieure \u00e0 l&rsquo;humanit\u00e9 ou sous les apparences de l&rsquo;humanit\u00e9, comme dans la mythologie grecque, mais dans la naissance d&rsquo;un Enfant dans le peuple juif et qui en est le Messie, et sa rencontre avec le monde pa\u00efen, symbolis\u00e9 par les Mages de l&rsquo;Evangile. La f\u00eate s&rsquo;appelle aussi \u00ab\u00a0Th\u00e9ophanie\u00a0\u00bb, qui signifie \u00ab\u00a0manifestation de Dieu\u00a0\u00bb. La f\u00eate \u00e9tait \u00e0 l&rsquo;origine, jusqu&rsquo;\u00e0 la fin du\u00a0IV<sup>e<\/sup> si\u00e8cle, la grande et unique f\u00eate chr\u00e9tienne de la manifestation du Christ dans le monde\u00a0: incarnation, Nativit\u00e9, manifestation par la venue des Mages, manifestation par la voix du P\u00e8re et la colombe sur le Jourdain, manifestation par le miracle de Cana.<\/p>\n<p>No\u00ebl, avant d&rsquo;\u00eatre un jour, est d&rsquo;abord un cycle, qui atteint son apog\u00e9e au jour du\u00a0solstice d&rsquo;hiver\u00a0(ou en tout cas un des jours associ\u00e9s au solstice) le 25 d\u00e9cembre. Cette nuit du solstice, qui est la plus longue de l&rsquo;ann\u00e9e, signifie le retour de la Lumi\u00e8re ou, mieux, la renaissance de la Lumi\u00e8re \u00e0 l&rsquo;origine de toutes choses. Puis la c\u00e9l\u00e9bration se prolonge durant un nombre de jours hautement symbolique\u00a0: 12 jours. Ainsi No\u00ebl est-elle une f\u00eate qui dure 12 jours et 12 nuits, le 12 repr\u00e9sentant entre autres la Totalit\u00e9 (12 mois, 12 heures, 12 Ap\u00f4tres)<\/p>\n<p>Le cycle prend fin le\u00a06 janvier. C&rsquo;est \u00e0 ce moment que les jours commencent \u00e0 s&rsquo;allonger de fa\u00e7on sensible, que la promesse de la nuit solsticiale est tenue. On c\u00e9l\u00e8bre alors l&rsquo;\u00c9piphanie, la manifestation de la Lumi\u00e8re. La galette symbolise par sa forme ronde le soleil.<\/p>\n<p>Guid\u00e9s par l&rsquo;\u00e9toile, les mages venant d&rsquo;Orient jusqu&rsquo;\u00e0 Bethl\u00e9em sont entr\u00e9s dans la maison o\u00f9 la bienheureuse Vierge Marie demeurait avec l&rsquo;enfant ; ouvrant leurs tr\u00e9sors, ils ont offert trois dons au Seigneur : l&rsquo;or, l&rsquo;encens et la myrrhe, par lesquels ils l&rsquo;ont confess\u00e9 vrai Dieu, vrai homme et vrai roi.<\/p>\n<p>Ce sont bien les dons que la sainte Eglise ne cesse d&rsquo;offrir \u00e0 Dieu son Sauveur. Elle offre l&rsquo;encens lorsqu&rsquo;elle le confesse et croit en lui comme \u00e9tant le v\u00e9ritable Seigneur, cr\u00e9ateur de l&rsquo;univers ; elle offre la myrrhe lorsqu&rsquo;elle affirme qu&rsquo;il a pris la substance de notre chair, dans laquelle il a voulu souffrir et mourir pour notre salut ; elle offre l&rsquo;or quand elle n&rsquo;h\u00e9site pas \u00e0 proclamer qu&rsquo;il r\u00e8gne \u00e9ternellement avec le P\u00e8re et l&rsquo;Esprit Saint&#8230;<\/p>\n<p>Cette offrande peut recevoir un autre sens mystique. Selon Salomon, l&rsquo;or signifie la sagesse c\u00e9leste : \u00ab Le tr\u00e9sor le plus d\u00e9sirable se trouve dans la bouche du sage \u00bb (cf Pr 21,20)&#8230; Selon le psalmiste, l&rsquo;encens symbolise la pri\u00e8re pure : \u00ab Que ma pri\u00e8re, Seigneur, s&rsquo;\u00e9l\u00e8ve devant toi comme un encens \u00bb (Ps 140,2). Car, si notre pri\u00e8re est pure, elle exhale vers Dieu un parfum plus pur que la fum\u00e9e de l&rsquo;encens ; et de m\u00eame que cette fum\u00e9e monte vers le ciel, ainsi notre pri\u00e8re se dirige vers le Seigneur. La myrrhe symbolise la mortification de notre chair. Donc nous offrons l&rsquo;or au Seigneur lorsque nous resplendissons devant lui par la lumi\u00e8re de la sagesse c\u00e9leste&#8230; Nous lui offrons de l&rsquo;encens lorsque nous \u00e9levons vers lui une pri\u00e8re pure. Et de la myrrhe lorsque, par l&rsquo;abstinence, \u00ab mortifiant notre chair avec ses vices et ses convoitises \u00bb (Ga 5,24), nous portons la croix \u00e0 la suite de J\u00e9sus.<\/p>\n","protected":false},"excerpt":{"rendered":"<p>L&rsquo;\u00c9piphanie\u00a0c\u00e9l\u00e8bre la visite des mages \u00e0 l&rsquo;enfant J\u00e9sus, le Messie\u00a0dans le monde. Elle a lieu le\u00a06 janvier. En France,\u00a0puisque ce jour n&rsquo;est pas f\u00e9ri\u00e9, elle est c\u00e9l\u00e9br\u00e9e le deuxi\u00e8me dimanche suivant No\u00ebl. \u00ab\u00a0\u00c9piphanie\u00a0\u00bb est un mot d&rsquo;origine\u00a0grecque, (Epiphaneia) qui signifie \u00ab\u00a0manifestation\u00a0\u00bb ou \u00ab\u00a0apparition\u00a0\u00bb \u2013 du verbe\u00a0 (fa\u00efn\u00f2), \u00ab\u00a0se manifester, appara\u00eetre, \u00eatre \u00e9vident\u00a0\u00bb \u2013 et dont [&hellip;]<\/p>\n","protected":false},"author":2,"featured_media":0,"comment_status":"closed","ping_status":"closed","sticky":false,"template":"","format":"standard","meta":{"footnotes":""},"categories":[2,3,13,15],"tags":[366,627,715],"class_list":["post-4667","post","type-post","status-publish","format-standard","hentry","category-actualites","category-liturgique","category-ecritures","category-histoire","tag-epiphanie","tag-manifestation","tag-noel"],"_links":{"self":[{"href":"https:\/\/www.associationdemarie.org\/blog\/wp-json\/wp\/v2\/posts\/4667","targetHints":{"allow":["GET"]}}],"collection":[{"href":"https:\/\/www.associationdemarie.org\/blog\/wp-json\/wp\/v2\/posts"}],"about":[{"href":"https:\/\/www.associationdemarie.org\/blog\/wp-json\/wp\/v2\/types\/post"}],"author":[{"embeddable":true,"href":"https:\/\/www.associationdemarie.org\/blog\/wp-json\/wp\/v2\/users\/2"}],"replies":[{"embeddable":true,"href":"https:\/\/www.associationdemarie.org\/blog\/wp-json\/wp\/v2\/comments?post=4667"}],"version-history":[{"count":0,"href":"https:\/\/www.associationdemarie.org\/blog\/wp-json\/wp\/v2\/posts\/4667\/revisions"}],"wp:attachment":[{"href":"https:\/\/www.associationdemarie.org\/blog\/wp-json\/wp\/v2\/media?parent=4667"}],"wp:term":[{"taxonomy":"category","embeddable":true,"href":"https:\/\/www.associationdemarie.org\/blog\/wp-json\/wp\/v2\/categories?post=4667"},{"taxonomy":"post_tag","embeddable":true,"href":"https:\/\/www.associationdemarie.org\/blog\/wp-json\/wp\/v2\/tags?post=4667"}],"curies":[{"name":"wp","href":"https:\/\/api.w.org\/{rel}","templated":true}]}}