{"id":4655,"date":"2012-01-06T01:35:10","date_gmt":"2012-01-06T01:35:10","guid":{"rendered":"http:\/\/preprod.meltem-int.com\/marie\/blog\/?p=4655"},"modified":"2012-01-06T01:35:10","modified_gmt":"2012-01-06T01:35:10","slug":"fils-dadam","status":"publish","type":"post","link":"https:\/\/www.associationdemarie.org\/blog\/fils-dadam\/","title":{"rendered":"\u00ab Fils d&rsquo;Adam \u00bb"},"content":{"rendered":"<p style=\"text-align: center;\"><a href=\"https:\/\/www.associationdemarie.org\/blog\/wp-content\/uploads\/2011\/12\/Adam-et-Eve-Cranach.jpg\"><img loading=\"lazy\" decoding=\"async\" class=\"aligncenter size-full wp-image-4656\" title=\"Adam et Eve - Cranach\" src=\"https:\/\/www.associationdemarie.org\/blog\/wp-content\/uploads\/2011\/12\/Adam-et-Eve-Cranach.jpg\" alt=\"\" width=\"259\" height=\"384\" srcset=\"https:\/\/www.associationdemarie.org\/blog\/wp-content\/uploads\/2011\/12\/Adam-et-Eve-Cranach.jpg 540w, https:\/\/www.associationdemarie.org\/blog\/wp-content\/uploads\/2011\/12\/Adam-et-Eve-Cranach-202x300.jpg 202w\" sizes=\"auto, (max-width: 259px) 100vw, 259px\" \/><\/a><\/p>\n<p>Luc pr\u00e9sente une g\u00e9n\u00e9alogie allant de la naissance de notre Seigneur \u00e0 Adam et comportant soixante-douze g\u00e9n\u00e9rations\u00a0; il rattache de la sorte la fin au commencement et donne \u00e0 entendre que le Seigneur est celui qui a r\u00e9capitul\u00e9 en lui-m\u00eame toutes les nations dispers\u00e9es \u00e0 partir d&rsquo;Adam, toutes les langues et les g\u00e9n\u00e9rations des hommes, y compris Adam lui-m\u00eame. C&rsquo;est aussi pour cela que Paul appelle Adam \u00ab\u00a0la pr\u00e9figuration de celui qui devait venir\u00a0\u00bb (Rm 5,14), car le Verbe, Artisan de l&rsquo;univers, avait \u00e9bauch\u00e9 d&rsquo;avance en Adam l&rsquo;histoire future de l&rsquo;humanit\u00e9 dont se rev\u00eatirait le Fils de Dieu&#8230;<\/p>\n<p>Le Seigneur, en devenant le Premier-n\u00e9 des morts (Col 1,18) et en recevant dans son sein les anciens p\u00e8res, les a fait rena\u00eetre \u00e0 la vie de Dieu\u00a0; il est devenu le premier, le principe des vivants, parce qu&rsquo;Adam \u00e9tait devenu le principe des morts&#8230; En commen\u00e7ant sa g\u00e9n\u00e9alogie par le Seigneur, pour la faire remonter jusqu&rsquo;\u00e0 Adam, Luc indique que ce ne sont pas les p\u00e8res qui ont donn\u00e9 la vie au Seigneur, mais lui au contraire qui les a fait rena\u00eetre dans l&rsquo;\u00c9vangile de vie. Ainsi \u00e9galement le n\u0153ud de la d\u00e9sob\u00e9issance d&rsquo;\u00c8ve a \u00e9t\u00e9 d\u00e9nou\u00e9 par l&rsquo;ob\u00e9issance de Marie, car ce que la vierge \u00c8ve avait li\u00e9 par son incr\u00e9dulit\u00e9, la Vierge Marie l&rsquo;a d\u00e9li\u00e9 par sa foi.<\/p>\n<p>Il \u00e9tait donc indispensable que, venant vers la brebis perdue (Mt 18,12), r\u00e9capitulant une si grande histoire, recherchant son ouvrage model\u00e9 par lui-m\u00eame (Lc 19,10; Gn 2,7), le Seigneur sauve l&rsquo;homme qui avait \u00e9t\u00e9 fait \u00e0 son image et \u00e0 sa ressemblance (Gn 1,26), c&rsquo;est-\u00e0-dire Adam.<\/p>\n<p>Saint Ir\u00e9n\u00e9e de Lyon (v. 130-v. 208), \u00e9v\u00eaque, th\u00e9ologien et martyr<br \/>\n<em>Contre les h\u00e9r\u00e9sies, livre III, 22,3 ; 23,1 (trad. SC 211, p. 439s rev.)<\/em><\/p>\n<p><em><br \/>\n<\/em><\/p>\n","protected":false},"excerpt":{"rendered":"<p>Luc pr\u00e9sente une g\u00e9n\u00e9alogie allant de la naissance de notre Seigneur \u00e0 Adam et comportant soixante-douze g\u00e9n\u00e9rations\u00a0; il rattache de la sorte la fin au commencement et donne \u00e0 entendre que le Seigneur est celui qui a r\u00e9capitul\u00e9 en lui-m\u00eame toutes les nations dispers\u00e9es \u00e0 partir d&rsquo;Adam, toutes les langues et les g\u00e9n\u00e9rations des hommes, [&hellip;]<\/p>\n","protected":false},"author":2,"featured_media":0,"comment_status":"closed","ping_status":"closed","sticky":false,"template":"","format":"standard","meta":{"footnotes":""},"categories":[3,4,13],"tags":[41,1382,389,448,535,636,1039],"class_list":["post-4655","post","type-post","status-publish","format-standard","hentry","category-liturgique","category-iconographie","category-ecritures","tag-adam-et-eve","tag-ecritures","tag-evangile","tag-genese","tag-jesus","tag-marie","tag-st-irenee"],"_links":{"self":[{"href":"https:\/\/www.associationdemarie.org\/blog\/wp-json\/wp\/v2\/posts\/4655","targetHints":{"allow":["GET"]}}],"collection":[{"href":"https:\/\/www.associationdemarie.org\/blog\/wp-json\/wp\/v2\/posts"}],"about":[{"href":"https:\/\/www.associationdemarie.org\/blog\/wp-json\/wp\/v2\/types\/post"}],"author":[{"embeddable":true,"href":"https:\/\/www.associationdemarie.org\/blog\/wp-json\/wp\/v2\/users\/2"}],"replies":[{"embeddable":true,"href":"https:\/\/www.associationdemarie.org\/blog\/wp-json\/wp\/v2\/comments?post=4655"}],"version-history":[{"count":0,"href":"https:\/\/www.associationdemarie.org\/blog\/wp-json\/wp\/v2\/posts\/4655\/revisions"}],"wp:attachment":[{"href":"https:\/\/www.associationdemarie.org\/blog\/wp-json\/wp\/v2\/media?parent=4655"}],"wp:term":[{"taxonomy":"category","embeddable":true,"href":"https:\/\/www.associationdemarie.org\/blog\/wp-json\/wp\/v2\/categories?post=4655"},{"taxonomy":"post_tag","embeddable":true,"href":"https:\/\/www.associationdemarie.org\/blog\/wp-json\/wp\/v2\/tags?post=4655"}],"curies":[{"name":"wp","href":"https:\/\/api.w.org\/{rel}","templated":true}]}}