{"id":4598,"date":"2011-12-27T01:46:25","date_gmt":"2011-12-27T01:46:25","guid":{"rendered":"http:\/\/preprod.meltem-int.com\/marie\/blog\/?p=4598"},"modified":"2011-12-27T01:46:25","modified_gmt":"2011-12-27T01:46:25","slug":"fete-de-saint-jean-apotre-et-evangeliste-2","status":"publish","type":"post","link":"https:\/\/www.associationdemarie.org\/blog\/fete-de-saint-jean-apotre-et-evangeliste-2\/","title":{"rendered":"F\u00eate de Saint Jean, ap\u00f4tre et \u00e9vang\u00e9liste"},"content":{"rendered":"<p style=\"text-align: left;\"><a href=\"https:\/\/www.associationdemarie.org\/blog\/wp-content\/uploads\/2011\/12\/st_jean_a_patmos_hans_memling_1475.jpg\"><img loading=\"lazy\" decoding=\"async\" class=\"size-medium wp-image-4599 alignright\" title=\"st_jean_a_patmos_hans_memling_1475\" src=\"https:\/\/www.associationdemarie.org\/blog\/wp-content\/uploads\/2011\/12\/st_jean_a_patmos_hans_memling_1475-255x300.jpg\" alt=\"\" width=\"179\" height=\"210\" srcset=\"https:\/\/www.associationdemarie.org\/blog\/wp-content\/uploads\/2011\/12\/st_jean_a_patmos_hans_memling_1475-255x300.jpg 255w, https:\/\/www.associationdemarie.org\/blog\/wp-content\/uploads\/2011\/12\/st_jean_a_patmos_hans_memling_1475.jpg 511w\" sizes=\"auto, (max-width: 179px) 100vw, 179px\" \/><\/a>Dans l&rsquo;\u00c9vangile et au sein du coll\u00e8ge apostolique,\u00a0saint Jean occupe une place de choix. Repr\u00e9sentant l&rsquo;amour,\u00a0il marche \u00e0 c\u00f4t\u00e9 de Pierre,\u00a0qui symbolise la doctrine. J\u00e9sus semble avoir r\u00e9serv\u00e9 \u00e0 cet Ap\u00f4tre les plus tendres effusions de son C\u0153ur. Plus que tout autre,\u00a0en effet,\u00a0Jean pouvait rendre amour pour amour au divin Ma\u00eetre. Le Sauveur prit plaisir \u00e0 multiplier les occasions de t\u00e9moigner envers son cher disciple une pr\u00e9dilection singuli\u00e8re :\u00a0il le fit t\u00e9moin de la r\u00e9surrection de la fille de Ja\u00efre ;\u00a0il lui montra sa gloire sur le Thabor,\u00a0au jour de sa transfiguration merveilleuse ;\u00a0mais surtout la veille de sa Passion,\u00a0\u00e0 la derni\u00e8re c\u00e8ne,\u00a0il lui permit de reposer doucement la t\u00eate sur son C\u0153ur divin,\u00a0o\u00f9 il puisa cette charit\u00e9 et cette science des choses de Dieu,\u00a0qu&rsquo;il r\u00e9pandit dans ses \u00e9crits et au sein des peuples auxquels il porta le flambeau de l&rsquo;\u00c9vangile.<\/p>\n<p>Une des gloires de saint Jean fut d&rsquo;\u00eatre le seul,\u00a0parmi les Ap\u00f4tres,\u00a0fid\u00e8le \u00e0 J\u00e9sus dans ses souffrances ;\u00a0il Le suivit dans l&rsquo;agonie du calvaire ;\u00a0il accompagna dans ces douloureux instants la M\u00e8re du Sauveur. J\u00e9sus,\u00a0ayant vu sa M\u00e8re au pied de la croix,\u00a0ab\u00eem\u00e9e dans sa tristesse,\u00a0et pr\u00e8s d&rsquo;elle saint Jean,\u00a0il dit \u00e0 Marie : \u00a0\u00bb Femme,\u00a0voil\u00e0 ton fils ! \u00a0\u00bb Ensuite il dit au disciple : \u00a0\u00bb Voil\u00e0 ta m\u00e8re ! \u00ab\u00a0. L&rsquo;Ap\u00f4tre,\u00a0en cette circonstance,\u00a0nous disent les saints docteurs repr\u00e9sentait l&rsquo;humanit\u00e9 tout enti\u00e8re ;\u00a0en ce moment solennel Marie devenait la M\u00e8re de tous les hommes,\u00a0et les hommes recevaient le droit de s&rsquo;appeler les enfants de Marie.<\/p>\n<p>Il \u00e9tait juste que saint Jean,\u00a0ayant particip\u00e9 aux souffrances de la Passion,\u00a0go\u00fbt\u00e2t l&rsquo;un des premiers les joies pures de la r\u00e9surrection. Le jour o\u00f9 le Sauveur apparut sur le rivage du lac de G\u00e9n\u00e9sareth,\u00a0pendant que les disciples \u00e9taient \u00e0 la p\u00eache,\u00a0saint Jean fut le seul \u00e0 Le reconna\u00eetre. \u00a0\u00bb C&rsquo;est le Seigneur \u00ab\u00a0, dit-il \u00e0 saint Pierre. Jean \u00e9tait donc bien,\u00a0tout l&rsquo;\u00c9vangile le prouve,\u00a0le disciple que J\u00e9sus aimait.<\/p>\n<p>\u00a9Evangelizo.org<\/p>\n<p>&nbsp;<\/p>\n","protected":false},"excerpt":{"rendered":"<p>Dans l&rsquo;\u00c9vangile et au sein du coll\u00e8ge apostolique,\u00a0saint Jean occupe une place de choix. Repr\u00e9sentant l&rsquo;amour,\u00a0il marche \u00e0 c\u00f4t\u00e9 de Pierre,\u00a0qui symbolise la doctrine. J\u00e9sus semble avoir r\u00e9serv\u00e9 \u00e0 cet Ap\u00f4tre les plus tendres effusions de son C\u0153ur. Plus que tout autre,\u00a0en effet,\u00a0Jean pouvait rendre amour pour amour au divin Ma\u00eetre. Le Sauveur prit plaisir [&hellip;]<\/p>\n","protected":false},"author":2,"featured_media":0,"comment_status":"closed","ping_status":"closed","sticky":false,"template":"","format":"standard","meta":{"footnotes":""},"categories":[3,4,13,28],"tags":[62,83,388,535,1041],"class_list":["post-4598","post","type-post","status-publish","format-standard","hentry","category-liturgique","category-iconographie","category-ecritures","category-saints-et-saintes","tag-amour","tag-apotre","tag-evangeliste","tag-jesus","tag-st-jean"],"_links":{"self":[{"href":"https:\/\/www.associationdemarie.org\/blog\/wp-json\/wp\/v2\/posts\/4598","targetHints":{"allow":["GET"]}}],"collection":[{"href":"https:\/\/www.associationdemarie.org\/blog\/wp-json\/wp\/v2\/posts"}],"about":[{"href":"https:\/\/www.associationdemarie.org\/blog\/wp-json\/wp\/v2\/types\/post"}],"author":[{"embeddable":true,"href":"https:\/\/www.associationdemarie.org\/blog\/wp-json\/wp\/v2\/users\/2"}],"replies":[{"embeddable":true,"href":"https:\/\/www.associationdemarie.org\/blog\/wp-json\/wp\/v2\/comments?post=4598"}],"version-history":[{"count":0,"href":"https:\/\/www.associationdemarie.org\/blog\/wp-json\/wp\/v2\/posts\/4598\/revisions"}],"wp:attachment":[{"href":"https:\/\/www.associationdemarie.org\/blog\/wp-json\/wp\/v2\/media?parent=4598"}],"wp:term":[{"taxonomy":"category","embeddable":true,"href":"https:\/\/www.associationdemarie.org\/blog\/wp-json\/wp\/v2\/categories?post=4598"},{"taxonomy":"post_tag","embeddable":true,"href":"https:\/\/www.associationdemarie.org\/blog\/wp-json\/wp\/v2\/tags?post=4598"}],"curies":[{"name":"wp","href":"https:\/\/api.w.org\/{rel}","templated":true}]}}