{"id":456,"date":"2009-07-03T07:34:56","date_gmt":"2009-07-03T07:34:56","guid":{"rendered":"http:\/\/preprod.meltem-int.com\/marie\/blog\/?p=456"},"modified":"2009-07-03T07:34:56","modified_gmt":"2009-07-03T07:34:56","slug":"saint-thomas","status":"publish","type":"post","link":"https:\/\/www.associationdemarie.org\/blog\/saint-thomas\/","title":{"rendered":"Saint Thomas"},"content":{"rendered":"<p style=\"margin-top: 0.4em; margin-right: 0px; margin-bottom: 0.5em; margin-left: 0px; line-height: 1.5em;\"><a href=\"https:\/\/www.associationdemarie.org\/blog\/wp-content\/uploads\/2009\/07\/St-Thomas.jpg\"><img loading=\"lazy\" decoding=\"async\" class=\"alignleft size-medium wp-image-457\" title=\"St Thomas\" src=\"https:\/\/www.associationdemarie.org\/blog\/wp-content\/uploads\/2009\/07\/St-Thomas-266x300.jpg\" alt=\"St Thomas\" width=\"266\" height=\"300\" srcset=\"https:\/\/www.associationdemarie.org\/blog\/wp-content\/uploads\/2009\/07\/St-Thomas-266x300.jpg 266w, https:\/\/www.associationdemarie.org\/blog\/wp-content\/uploads\/2009\/07\/St-Thomas.jpg 799w\" sizes=\"auto, (max-width: 266px) 100vw, 266px\" \/><\/a>Saint\u00a0<strong>Thomas<\/strong>\u00a0est l&rsquo;un des douze ap\u00f4tres\u00a0accompagnant J\u00e9sus.\u00a0Son nom signifie\u00a0<em>jumeau<\/em>\u00a0en aram\u00e9en,\u00a0tout comme son surnom\u00a0<em>Didyme<\/em>, qui en est la traduction grecque.<\/p>\n<p style=\"margin-top: 0.4em; margin-right: 0px; margin-bottom: 0.5em; margin-left: 0px; line-height: 1.5em;\">Thomas symbolise le doute. \u00c9vang\u00e9lisateur des Indes, c\u2019est pour avoir construit un palais pour un roi que Thomas est repr\u00e9sent\u00e9 avec une \u00e9querre d\u2019architecte. Il est parfois \u00e9galement repr\u00e9sent\u00e9 avec la lance qui fut l\u2019instrument de sa mise \u00e0 mort.<\/p>\n<p style=\"margin-top: 0.4em; margin-right: 0px; margin-bottom: 0.5em; margin-left: 0px; line-height: 1.5em;\">Dans l&rsquo;Evangile selon St Jean,\u00a0Thomas ne crut pas \u00e0 la R\u00e9surrection,\u00a0avant d&rsquo;avoir vu les marques de la Crucifixion.\u00a0\u00a0\u00ab\u00a0Thomas, appel\u00e9 Didyme, l&rsquo;un des douze, n&rsquo;\u00e9tait pas avec eux lorsque J\u00e9sus vint. Les autres disciples lui dirent donc\u00a0: Nous avons vu le Seigneur. Mais il leur dit\u00a0: Si je ne vois dans ses mains la marque des clous, et si je ne mets mon doigt dans la marque des clous, et si je ne mets ma main dans son c\u00f4t\u00e9, je ne croirai point. Huit jours apr\u00e8s, les disciples de J\u00e9sus \u00e9taient de nouveau dans la maison, et Thomas se trouvait avec eux. J\u00e9sus vint, les portes \u00e9tant ferm\u00e9es, se pr\u00e9senta au milieu d&rsquo;eux, et dit\u00a0: La paix soit avec vous\u00a0! Puis il dit \u00e0 Thomas\u00a0: Avance ici ton doigt, et regarde mes mains\u00a0; avance aussi ta main, et mets-la dans mon c\u00f4t\u00e9\u00a0; et ne sois pas incr\u00e9dule, mais crois. Thomas lui r\u00e9pondit\u00a0: Mon Seigneur et mon Dieu\u00a0! J\u00e9sus lui dit\u00a0: Parce que tu m&rsquo;as vu, tu as cru. Heureux ceux qui n&rsquo;ont pas vu, et qui ont cru\u00a0!\u00a0\u00bb (Jn 20, 24-29).<\/p>\n","protected":false},"excerpt":{"rendered":"<p>Saint\u00a0Thomas\u00a0est l&rsquo;un des douze ap\u00f4tres\u00a0accompagnant J\u00e9sus.\u00a0Son nom signifie\u00a0jumeau\u00a0en aram\u00e9en,\u00a0tout comme son surnom\u00a0Didyme, qui en est la traduction grecque. Thomas symbolise le doute. \u00c9vang\u00e9lisateur des Indes, c\u2019est pour avoir construit un palais pour un roi que Thomas est repr\u00e9sent\u00e9 avec une \u00e9querre d\u2019architecte. Il est parfois \u00e9galement repr\u00e9sent\u00e9 avec la lance qui fut l\u2019instrument de sa [&hellip;]<\/p>\n","protected":false},"author":2,"featured_media":0,"comment_status":"closed","ping_status":"closed","sticky":false,"template":"","format":"standard","meta":{"footnotes":""},"categories":[3,4,28],"tags":[105,317,425,923,1138],"class_list":["post-456","post","type-post","status-publish","format-standard","hentry","category-liturgique","category-iconographie","category-saints-et-saintes","tag-art","tag-doutes","tag-foi","tag-saint","tag-thomas"],"_links":{"self":[{"href":"https:\/\/www.associationdemarie.org\/blog\/wp-json\/wp\/v2\/posts\/456","targetHints":{"allow":["GET"]}}],"collection":[{"href":"https:\/\/www.associationdemarie.org\/blog\/wp-json\/wp\/v2\/posts"}],"about":[{"href":"https:\/\/www.associationdemarie.org\/blog\/wp-json\/wp\/v2\/types\/post"}],"author":[{"embeddable":true,"href":"https:\/\/www.associationdemarie.org\/blog\/wp-json\/wp\/v2\/users\/2"}],"replies":[{"embeddable":true,"href":"https:\/\/www.associationdemarie.org\/blog\/wp-json\/wp\/v2\/comments?post=456"}],"version-history":[{"count":0,"href":"https:\/\/www.associationdemarie.org\/blog\/wp-json\/wp\/v2\/posts\/456\/revisions"}],"wp:attachment":[{"href":"https:\/\/www.associationdemarie.org\/blog\/wp-json\/wp\/v2\/media?parent=456"}],"wp:term":[{"taxonomy":"category","embeddable":true,"href":"https:\/\/www.associationdemarie.org\/blog\/wp-json\/wp\/v2\/categories?post=456"},{"taxonomy":"post_tag","embeddable":true,"href":"https:\/\/www.associationdemarie.org\/blog\/wp-json\/wp\/v2\/tags?post=456"}],"curies":[{"name":"wp","href":"https:\/\/api.w.org\/{rel}","templated":true}]}}