{"id":4462,"date":"2011-12-02T01:56:03","date_gmt":"2011-12-02T01:56:03","guid":{"rendered":"http:\/\/preprod.meltem-int.com\/marie\/blog\/?p=4462"},"modified":"2011-12-02T01:56:03","modified_gmt":"2011-12-02T01:56:03","slug":"troisieme-jour-de-la-neuvaine-2","status":"publish","type":"post","link":"https:\/\/www.associationdemarie.org\/blog\/troisieme-jour-de-la-neuvaine-2\/","title":{"rendered":"Troisi\u00e8me jour de la neuvaine"},"content":{"rendered":"<p><a href=\"https:\/\/www.associationdemarie.org\/blog\/wp-content\/uploads\/2011\/11\/flamme.jpeg\"><img loading=\"lazy\" decoding=\"async\" class=\"alignleft size-medium wp-image-4463\" title=\"flamme\" src=\"https:\/\/www.associationdemarie.org\/blog\/wp-content\/uploads\/2011\/11\/flamme-50x300.jpg\" alt=\"\" width=\"50\" height=\"300\" \/><\/a>Mes enfants, je vous aime avec le c\u0153ur d\u2019une m\u00e8re qui va soulager sa famille des picotements du froid, des ger\u00e7ures de froid. Je suis l\u00e0 pour vous r\u00e9chauffer, venez tout contre moi, je vous aiderai \u00e0 aimer, je vous aiderai \u00e0 parler de paix. Mes enfants, je suis \u00a0L\u2019Immacul\u00e9e Conception, tant aim\u00e9e dans certains foyers et pourtant tant d\u00e9cri\u00e9e par la majorit\u00e9 du monde. Mais c\u2019est l\u2019Amour qui triomphera, car j\u2019ai vou\u00e9 ma vie au plan Divin. Je vous aide dans le plan Divin. Comme bien d\u2019autres hommes, vous \u00eates le flambeau de l\u2019Amour et de la Paix. Et\u00a0 tant que les hommes existeront, existera le flambeau de l\u2019Amour et de la Paix\u00a0; Dieu ne laissera pas \u00e9teindre ce flambeau.<\/p>\n<p>Marie M\u00e8re des hommes &#8211; octobre 1993<\/p>\n<p><span style=\"color: #ffffff;\">.<\/span><\/p>\n<p><span style=\"color: #ffffff;\">.<\/span><\/p>\n","protected":false},"excerpt":{"rendered":"<p>Mes enfants, je vous aime avec le c\u0153ur d\u2019une m\u00e8re qui va soulager sa famille des picotements du froid, des ger\u00e7ures de froid. Je suis l\u00e0 pour vous r\u00e9chauffer, venez tout contre moi, je vous aiderai \u00e0 aimer, je vous aiderai \u00e0 parler de paix. Mes enfants, je suis \u00a0L\u2019Immacul\u00e9e Conception, tant aim\u00e9e dans certains [&hellip;]<\/p>\n","protected":false},"author":2,"featured_media":0,"comment_status":"closed","ping_status":"closed","sticky":false,"template":"","format":"standard","meta":{"footnotes":""},"categories":[19,22],"tags":[65,493,640,668,712],"class_list":["post-4462","post","type-post","status-publish","format-standard","hentry","category-messages","category-neuvaine-a-marie","tag-amour-et-paix","tag-immaculee-conception","tag-marie-mere-des-hommes","tag-message","tag-neuvaine"],"_links":{"self":[{"href":"https:\/\/www.associationdemarie.org\/blog\/wp-json\/wp\/v2\/posts\/4462","targetHints":{"allow":["GET"]}}],"collection":[{"href":"https:\/\/www.associationdemarie.org\/blog\/wp-json\/wp\/v2\/posts"}],"about":[{"href":"https:\/\/www.associationdemarie.org\/blog\/wp-json\/wp\/v2\/types\/post"}],"author":[{"embeddable":true,"href":"https:\/\/www.associationdemarie.org\/blog\/wp-json\/wp\/v2\/users\/2"}],"replies":[{"embeddable":true,"href":"https:\/\/www.associationdemarie.org\/blog\/wp-json\/wp\/v2\/comments?post=4462"}],"version-history":[{"count":0,"href":"https:\/\/www.associationdemarie.org\/blog\/wp-json\/wp\/v2\/posts\/4462\/revisions"}],"wp:attachment":[{"href":"https:\/\/www.associationdemarie.org\/blog\/wp-json\/wp\/v2\/media?parent=4462"}],"wp:term":[{"taxonomy":"category","embeddable":true,"href":"https:\/\/www.associationdemarie.org\/blog\/wp-json\/wp\/v2\/categories?post=4462"},{"taxonomy":"post_tag","embeddable":true,"href":"https:\/\/www.associationdemarie.org\/blog\/wp-json\/wp\/v2\/tags?post=4462"}],"curies":[{"name":"wp","href":"https:\/\/api.w.org\/{rel}","templated":true}]}}