{"id":4445,"date":"2011-11-28T01:26:22","date_gmt":"2011-11-28T01:26:22","guid":{"rendered":"http:\/\/preprod.meltem-int.com\/marie\/blog\/?p=4445"},"modified":"2011-11-28T01:26:22","modified_gmt":"2011-11-28T01:26:22","slug":"intentions-de-prieres-de-decembre-du-pape-benoit-16","status":"publish","type":"post","link":"https:\/\/www.associationdemarie.org\/blog\/intentions-de-prieres-de-decembre-du-pape-benoit-16\/","title":{"rendered":"Intentions de pri\u00e8res de d\u00e9cembre du Pape Beno\u00eet 16"},"content":{"rendered":"<p><a href=\"https:\/\/www.associationdemarie.org\/blog\/wp-content\/uploads\/2011\/11\/pape-vatican-benoit-noel.jpg\"><img loading=\"lazy\" decoding=\"async\" class=\"aligncenter size-medium wp-image-4446\" title=\"pape-vatican-benoit-noel\" src=\"https:\/\/www.associationdemarie.org\/blog\/wp-content\/uploads\/2011\/11\/pape-vatican-benoit-noel-300x130.jpg\" alt=\"\" width=\"300\" height=\"130\" srcset=\"https:\/\/www.associationdemarie.org\/blog\/wp-content\/uploads\/2011\/11\/pape-vatican-benoit-noel-300x130.jpg 300w, https:\/\/www.associationdemarie.org\/blog\/wp-content\/uploads\/2011\/11\/pape-vatican-benoit-noel.jpg 652w\" sizes=\"auto, (max-width: 300px) 100vw, 300px\" \/><\/a><\/p>\n<p><strong>Universelle &#8211; Paix dans les peuples.<\/strong><br \/>\nPour qu&rsquo;\u00e0 travers la connaissance et le respect r\u00e9ciproque, tous les peuples de la terre grandissent\u00a0dans la concorde et dans la paix.<\/p>\n<p><strong>Missionnaire &#8211; Les enfants et les jeunes.<br \/>\n<\/strong>Pour que les enfants et les jeunes soient des messagers de l&rsquo;Evangile et pour que leur dignit\u00e9 soit\u00a0toujours respect\u00e9e et pr\u00e9serv\u00e9e de toute violence et de toute exploitation.<\/p>\n<p><em>Du Vatican,\u00a0Beno\u00eet XVI, Pape<\/em><\/p>\n<p><span style=\"color: #ffffff;\"><em>.<\/em><\/span><\/p>\n<p>&nbsp;<\/p>\n","protected":false},"excerpt":{"rendered":"<p>Universelle &#8211; Paix dans les peuples. Pour qu&rsquo;\u00e0 travers la connaissance et le respect r\u00e9ciproque, tous les peuples de la terre grandissent\u00a0dans la concorde et dans la paix. Missionnaire &#8211; Les enfants et les jeunes. Pour que les enfants et les jeunes soient des messagers de l&rsquo;Evangile et pour que leur dignit\u00e9 soit\u00a0toujours respect\u00e9e et [&hellip;]<\/p>\n","protected":false},"author":2,"featured_media":0,"comment_status":"closed","ping_status":"closed","sticky":false,"template":"","format":"standard","meta":{"footnotes":""},"categories":[2,14],"tags":[142,389,504,541,757,830],"class_list":["post-4445","post","type-post","status-publish","format-standard","hentry","category-actualites","category-groupe-prieres","tag-benoit-16","tag-evangile","tag-intentions-de-priere","tag-jeunesse","tag-paix","tag-priere"],"_links":{"self":[{"href":"https:\/\/www.associationdemarie.org\/blog\/wp-json\/wp\/v2\/posts\/4445","targetHints":{"allow":["GET"]}}],"collection":[{"href":"https:\/\/www.associationdemarie.org\/blog\/wp-json\/wp\/v2\/posts"}],"about":[{"href":"https:\/\/www.associationdemarie.org\/blog\/wp-json\/wp\/v2\/types\/post"}],"author":[{"embeddable":true,"href":"https:\/\/www.associationdemarie.org\/blog\/wp-json\/wp\/v2\/users\/2"}],"replies":[{"embeddable":true,"href":"https:\/\/www.associationdemarie.org\/blog\/wp-json\/wp\/v2\/comments?post=4445"}],"version-history":[{"count":0,"href":"https:\/\/www.associationdemarie.org\/blog\/wp-json\/wp\/v2\/posts\/4445\/revisions"}],"wp:attachment":[{"href":"https:\/\/www.associationdemarie.org\/blog\/wp-json\/wp\/v2\/media?parent=4445"}],"wp:term":[{"taxonomy":"category","embeddable":true,"href":"https:\/\/www.associationdemarie.org\/blog\/wp-json\/wp\/v2\/categories?post=4445"},{"taxonomy":"post_tag","embeddable":true,"href":"https:\/\/www.associationdemarie.org\/blog\/wp-json\/wp\/v2\/tags?post=4445"}],"curies":[{"name":"wp","href":"https:\/\/api.w.org\/{rel}","templated":true}]}}