{"id":4369,"date":"2011-11-24T01:02:51","date_gmt":"2011-11-24T01:02:51","guid":{"rendered":"http:\/\/preprod.meltem-int.com\/marie\/blog\/?p=4369"},"modified":"2011-11-24T01:02:51","modified_gmt":"2011-11-24T01:02:51","slug":"evangile-de-jesus-christ-selon-saint-luc-2120-28","status":"publish","type":"post","link":"https:\/\/www.associationdemarie.org\/blog\/evangile-de-jesus-christ-selon-saint-luc-2120-28\/","title":{"rendered":"\u00c9vangile de J\u00e9sus-Christ selon saint Luc 21,20-28."},"content":{"rendered":"<p><a href=\"https:\/\/www.associationdemarie.org\/blog\/wp-content\/uploads\/2011\/11\/tempete.jpg\"><img loading=\"lazy\" decoding=\"async\" class=\"aligncenter size-medium wp-image-4370\" title=\"tempete\" src=\"https:\/\/www.associationdemarie.org\/blog\/wp-content\/uploads\/2011\/11\/tempete-300x200.jpg\" alt=\"\" width=\"300\" height=\"200\" srcset=\"https:\/\/www.associationdemarie.org\/blog\/wp-content\/uploads\/2011\/11\/tempete-300x200.jpg 300w, https:\/\/www.associationdemarie.org\/blog\/wp-content\/uploads\/2011\/11\/tempete.jpg 540w\" sizes=\"auto, (max-width: 300px) 100vw, 300px\" \/><\/a><\/p>\n<p><span>L<\/span>orsque vous verrez J\u00e9rusalem encercl\u00e9e par des arm\u00e9es, sachez alors que sa d\u00e9vastation est toute proche.<br \/>\nAlors, ceux qui seront en Jud\u00e9e, qu&rsquo;ils s&rsquo;enfuient dans la montagne\u00a0; ceux qui seront \u00e0 l&rsquo;int\u00e9rieur de la ville, qu&rsquo;ils s&rsquo;en \u00e9loignent\u00a0; ceux qui seront \u00e0 la campagne, qu&rsquo;ils ne rentrent pas en ville,<br \/>\ncar ce seront des jours o\u00f9 Dieu fera justice pour accomplir toute l&rsquo;\u00c9criture.<br \/>\nMalheureuses les femmes qui seront enceintes et celles qui allaiteront en ces jours-l\u00e0, car il y aura une grande mis\u00e8re dans le pays, une grande col\u00e8re contre ce peuple.<br \/>\nIls tomberont sous le tranchant de l&rsquo;\u00e9p\u00e9e, ils seront emmen\u00e9s en captivit\u00e9 chez toutes les nations pa\u00efennes\u00a0; J\u00e9rusalem sera pi\u00e9tin\u00e9e par les pa\u00efens, jusqu&rsquo;\u00e0 ce que le temps des pa\u00efens soit achev\u00e9.<br \/>\nIl y aura des signes dans le soleil, la lune et les \u00e9toiles. Sur terre, les nations seront affol\u00e9es par le fracas de la mer et de la temp\u00eate.<br \/>\nLes hommes mourront de peur dans la crainte des malheurs arrivant sur le monde, car les puissances des cieux seront \u00e9branl\u00e9es.<br \/>\nAlors, on verra le Fils de l&rsquo;homme venir dans la nu\u00e9e, avec grande puissance et grande gloire.<br \/>\nQuand ces \u00e9v\u00e9nements commenceront, redressez-vous et relevez la t\u00eate, car votre r\u00e9demption approche.<\/p>\n<p><span style=\"color: #ffffff;\">.<\/span><\/p>\n<p><span style=\"color: #ffffff;\">.<\/span><\/p>\n","protected":false},"excerpt":{"rendered":"<p>Lorsque vous verrez J\u00e9rusalem encercl\u00e9e par des arm\u00e9es, sachez alors que sa d\u00e9vastation est toute proche. Alors, ceux qui seront en Jud\u00e9e, qu&rsquo;ils s&rsquo;enfuient dans la montagne\u00a0; ceux qui seront \u00e0 l&rsquo;int\u00e9rieur de la ville, qu&rsquo;ils s&rsquo;en \u00e9loignent\u00a0; ceux qui seront \u00e0 la campagne, qu&rsquo;ils ne rentrent pas en ville, car ce seront des jours [&hellip;]<\/p>\n","protected":false},"author":2,"featured_media":0,"comment_status":"closed","ping_status":"closed","sticky":false,"template":"","format":"standard","meta":{"footnotes":""},"categories":[3,13],"tags":[1382,451,553,872,1055],"class_list":["post-4369","post","type-post","status-publish","format-standard","hentry","category-liturgique","category-ecritures","tag-ecritures","tag-gloire-a-dieu","tag-jugement","tag-redemption","tag-st-luc"],"_links":{"self":[{"href":"https:\/\/www.associationdemarie.org\/blog\/wp-json\/wp\/v2\/posts\/4369","targetHints":{"allow":["GET"]}}],"collection":[{"href":"https:\/\/www.associationdemarie.org\/blog\/wp-json\/wp\/v2\/posts"}],"about":[{"href":"https:\/\/www.associationdemarie.org\/blog\/wp-json\/wp\/v2\/types\/post"}],"author":[{"embeddable":true,"href":"https:\/\/www.associationdemarie.org\/blog\/wp-json\/wp\/v2\/users\/2"}],"replies":[{"embeddable":true,"href":"https:\/\/www.associationdemarie.org\/blog\/wp-json\/wp\/v2\/comments?post=4369"}],"version-history":[{"count":0,"href":"https:\/\/www.associationdemarie.org\/blog\/wp-json\/wp\/v2\/posts\/4369\/revisions"}],"wp:attachment":[{"href":"https:\/\/www.associationdemarie.org\/blog\/wp-json\/wp\/v2\/media?parent=4369"}],"wp:term":[{"taxonomy":"category","embeddable":true,"href":"https:\/\/www.associationdemarie.org\/blog\/wp-json\/wp\/v2\/categories?post=4369"},{"taxonomy":"post_tag","embeddable":true,"href":"https:\/\/www.associationdemarie.org\/blog\/wp-json\/wp\/v2\/tags?post=4369"}],"curies":[{"name":"wp","href":"https:\/\/api.w.org\/{rel}","templated":true}]}}