{"id":4354,"date":"2011-11-21T01:37:24","date_gmt":"2011-11-21T01:37:24","guid":{"rendered":"http:\/\/preprod.meltem-int.com\/marie\/blog\/?p=4354"},"modified":"2011-11-21T01:37:24","modified_gmt":"2011-11-21T01:37:24","slug":"fete-de-la-presentation-de-n-d","status":"publish","type":"post","link":"https:\/\/www.associationdemarie.org\/blog\/fete-de-la-presentation-de-n-d\/","title":{"rendered":"F\u00eate de la Pr\u00e9sentation de N.D."},"content":{"rendered":"<p><a href=\"https:\/\/www.associationdemarie.org\/blog\/wp-content\/uploads\/2011\/11\/Pr\u00e9sentation-de-Notre-Dame.jpg\"><img loading=\"lazy\" decoding=\"async\" class=\"alignright size-medium wp-image-4357\" title=\"Pr\u00e9sentation de Notre-Dame\" src=\"https:\/\/www.associationdemarie.org\/blog\/wp-content\/uploads\/2011\/11\/Pr\u00e9sentation-de-Notre-Dame-218x300.jpg\" alt=\"\" width=\"174\" height=\"240\" srcset=\"https:\/\/www.associationdemarie.org\/blog\/wp-content\/uploads\/2011\/11\/Pr\u00e9sentation-de-Notre-Dame-218x300.jpg 218w, https:\/\/www.associationdemarie.org\/blog\/wp-content\/uploads\/2011\/11\/Pr\u00e9sentation-de-Notre-Dame.jpg 327w\" sizes=\"auto, (max-width: 174px) 100vw, 174px\" \/><\/a><\/p>\n<p><em><strong>L&rsquo;\u00e9vangile ne nous apprend rien de l&rsquo;enfance de Marie\u00a0; son titre de M\u00e8re de Dieu efface tout le reste. Mais la tradition est plus explicite\u00a0; elle nous apprend que la Sainte Vierge, dans son enfance, fut solennellement offerte \u00e0 Dieu dans son temple. Cette pr\u00e9sentation est le sujet de la f\u00eate qu&rsquo;on c\u00e9l\u00e8bre aujourd&rsquo;hui. O\u00f9 mieux que loin du monde, dans l&rsquo;enceinte du temple, Marie se f\u00fbt-elle pr\u00e9par\u00e9e \u00e0 sa mission\u00a0? Douze ann\u00e9es de recueillement, de pri\u00e8re, de contemplation, telle fut la pr\u00e9paration de l&rsquo;\u00e9lue de Dieu.<\/strong><\/em><\/p>\n<p><span style=\"color: #ffffff;\">.<\/span><\/p>\n<p>La terre poss\u00e9dait, elle ne le savait pas encore, sa Fleur. La vraie, la Fleur unique dont l\u2019\u00e9panouissement est \u00e9ternel\u00a0: lys et rose, violette et jasmin, h\u00e9lianthe, et cyclamen fondus ensemble, et avec eux toutes les fleurs de la terre, fondues en une seule Fleur, Marie, en qui s&rsquo;unissent toutes les vertus et toutes les gr\u00e2ces. En avril, la terre de Palestine paraissait un immense jardin o\u00f9 parfums et couleurs \u00e9taient au c\u0153ur des hommes un don d\u00e9licieux. Mais elle \u00e9tait encore ignor\u00e9e, la Rose la plus belle. D\u00e9j\u00e0 elle fleurissait pour Dieu dans le secret du sein maternel, car <em>ma M\u00e8re aima d\u00e8s le premier instant de sa conception. <\/em>C&rsquo;est seulement le moment o\u00f9 la vigne donne son sang pour en faire du vin, quand le mo\u00fbt sucr\u00e9 et fort emplit l&rsquo;air et les narines qu&rsquo;Elle avait souri, d&rsquo;abord \u00e0 Dieu puis au monde, disant en cet ineffable sourire\u00a0: \u00ab\u00a0La voil\u00e0\u00a0! La vigne qui donnera la Grappe destin\u00e9e \u00e0 \u00eatre foul\u00e9e au pressoir pour devenir \u00e0 votre mal une M\u00e9decine \u00e9ternelle, voil\u00e0, Elle est au milieu de vous.\u00a0\u00bb<\/p>\n<p>&#8230;.\/&#8230;.<\/p>\n<p>Dieu a voulu donner un roi \u00e0 l&rsquo;univers qu&rsquo;Il avait cr\u00e9\u00e9 du n\u00e9ant. Un roi qui f\u00fbt le premier de nature mat\u00e9rielle parmi toutes les cr\u00e9atures sorties de la mati\u00e8re et elles-m\u00eames mat\u00e9rielles. Un roi qui f\u00fbt un peu moins que divin par sa nature spirituelle, uni \u00e0 a Gr\u00e2ce comme il l&rsquo;\u00e9tait dans l&rsquo;innocence de sa premi\u00e8re journ\u00e9e. Mais l&rsquo;Intelligence supr\u00eame, qui conna\u00eet tous les \u00e9v\u00e8nements les plus lointains dans les profondeurs des si\u00e8cles, qui d\u00e9couvre incessamment tout ce qui <em>\u00e9tait, est <\/em>et <em>sera <\/em>&#8211; et pendant qu&rsquo;Elle contemple le pass\u00e9 et observe le pr\u00e9sent, voil\u00e0 qu&rsquo;Elle plonge son regard dans l&rsquo;avenir le plus lointain et n&rsquo;ignore pas comme sera la mort du dernier homme, tout cela sans confusion ni discontinuit\u00e9 &#8211; Elle n&rsquo;a jamais ignor\u00e9 que le roi qu&rsquo;Elle avait pr\u00e9vu, cr\u00e9\u00e9 pour \u00eatre semi-divin \u00e0 ses c\u00f4t\u00e9s dans le Ciel, h\u00e9ritier du P\u00e8re, arriv\u00e9 adulte dans son royaume apr\u00e8s avoir v\u00e9cu dans la maison de sa m\u00e8re &#8211; la terre dont il a \u00e9t\u00e9 form\u00e9 &#8211; durant son enfance de fils de l&rsquo;\u00c9ternel pendant son s\u00e9jour terrestre, Elle n&rsquo;a pas ignor\u00e9 qu&rsquo;il aurait commis contre lui-m\u00eame le crime de tuer en lui la Gr\u00e2ce, et le vol de se d\u00e9rober du Ciel.<\/p>\n<p><em>Extraits de \u00ab\u00a0L&rsquo;Evangile tel qu&rsquo;il m&rsquo;a \u00e9t\u00e9 r\u00e9v\u00e9l\u00e9\u00a0\u00bb de Maria Valtorta<\/em><\/p>\n<p><span style=\"font-size: 11px; line-height: normal; color: #ffffff;\">.<\/span><\/p>\n<p><span style=\"font-size: 11px; line-height: normal; color: #ffffff;\">.<\/span><\/p>\n","protected":false},"excerpt":{"rendered":"<p>L&rsquo;\u00e9vangile ne nous apprend rien de l&rsquo;enfance de Marie\u00a0; son titre de M\u00e8re de Dieu efface tout le reste. Mais la tradition est plus explicite\u00a0; elle nous apprend que la Sainte Vierge, dans son enfance, fut solennellement offerte \u00e0 Dieu dans son temple. Cette pr\u00e9sentation est le sujet de la f\u00eate qu&rsquo;on c\u00e9l\u00e8bre aujourd&rsquo;hui. O\u00f9 [&hellip;]<\/p>\n","protected":false},"author":2,"featured_media":0,"comment_status":"closed","ping_status":"closed","sticky":false,"template":"","format":"standard","meta":{"footnotes":""},"categories":[3,13,16],"tags":[225,295,383,423,457,636,1048,1086,1113],"class_list":["post-4354","post","type-post","status-publish","format-standard","hentry","category-liturgique","category-ecritures","category-jardins-de-la-bible","tag-ciel","tag-dieu","tag-etoile","tag-fleur","tag-grace","tag-marie","tag-st-joachim","tag-ste-anne","tag-stella-maris"],"_links":{"self":[{"href":"https:\/\/www.associationdemarie.org\/blog\/wp-json\/wp\/v2\/posts\/4354","targetHints":{"allow":["GET"]}}],"collection":[{"href":"https:\/\/www.associationdemarie.org\/blog\/wp-json\/wp\/v2\/posts"}],"about":[{"href":"https:\/\/www.associationdemarie.org\/blog\/wp-json\/wp\/v2\/types\/post"}],"author":[{"embeddable":true,"href":"https:\/\/www.associationdemarie.org\/blog\/wp-json\/wp\/v2\/users\/2"}],"replies":[{"embeddable":true,"href":"https:\/\/www.associationdemarie.org\/blog\/wp-json\/wp\/v2\/comments?post=4354"}],"version-history":[{"count":0,"href":"https:\/\/www.associationdemarie.org\/blog\/wp-json\/wp\/v2\/posts\/4354\/revisions"}],"wp:attachment":[{"href":"https:\/\/www.associationdemarie.org\/blog\/wp-json\/wp\/v2\/media?parent=4354"}],"wp:term":[{"taxonomy":"category","embeddable":true,"href":"https:\/\/www.associationdemarie.org\/blog\/wp-json\/wp\/v2\/categories?post=4354"},{"taxonomy":"post_tag","embeddable":true,"href":"https:\/\/www.associationdemarie.org\/blog\/wp-json\/wp\/v2\/tags?post=4354"}],"curies":[{"name":"wp","href":"https:\/\/api.w.org\/{rel}","templated":true}]}}