{"id":4325,"date":"2011-11-20T01:02:09","date_gmt":"2011-11-20T01:02:09","guid":{"rendered":"http:\/\/preprod.meltem-int.com\/marie\/blog\/?p=4325"},"modified":"2011-11-20T01:02:09","modified_gmt":"2011-11-20T01:02:09","slug":"fete-du-christ-roi-2","status":"publish","type":"post","link":"https:\/\/www.associationdemarie.org\/blog\/fete-du-christ-roi-2\/","title":{"rendered":"F\u00eate du Christ Roi"},"content":{"rendered":"<p><a href=\"https:\/\/www.associationdemarie.org\/blog\/wp-content\/uploads\/2011\/10\/Christ.jpg\"><img loading=\"lazy\" decoding=\"async\" class=\"aligncenter size-medium wp-image-4326\" title=\"Christ\" src=\"https:\/\/www.associationdemarie.org\/blog\/wp-content\/uploads\/2011\/10\/Christ-226x300.jpg\" alt=\"\" width=\"226\" height=\"300\" srcset=\"https:\/\/www.associationdemarie.org\/blog\/wp-content\/uploads\/2011\/10\/Christ-226x300.jpg 226w, https:\/\/www.associationdemarie.org\/blog\/wp-content\/uploads\/2011\/10\/Christ.jpg 605w\" sizes=\"auto, (max-width: 226px) 100vw, 226px\" \/><\/a><\/p>\n<p>\u201d\u00a0<strong>Pilate retourne pr\u00e8s de J\u00e9sus, qui est au milieu de l&rsquo;atrium, laiss\u00e9 l\u00e0 par les soldats li\u00e9 mais sans escorte tant appara\u00eet nettement sa douceur. Et il Lui demande: \u201cEs-tu le roi des juifs?\u201d \u201cLe demandes-tu de toi-m\u00eame ou parce que d&rsquo;autres l&rsquo;insinuent?\u201d \u201cEt que veux que m&rsquo;importe ton royaume? Suis-je juif, par hasard? Ta nation et ses chefs t&rsquo;ont livr\u00e9 pour que je juge. Qu&rsquo;as-tu fait? Je sais que tu es loyal. Parle. Est-ce vrai que tu aspires \u00e0 r\u00e9gner?\u201d \u201cMon Royaume n&rsquo;est pas de ce monde. Si c&rsquo;\u00e9tait un royaume du monde, mes ministres et mes soldats auraient combattu pour que les juifs ne s&#8217;emparent pas de Moi. Mais mon Royaume n&rsquo;est pas de la Terre et tu sais que je n&rsquo;aspire pas au pouvoir.\u201d \u201cC&rsquo;est vrai. Je le sais, on me l&rsquo;a dit. Mais tu ne nies pas que tu es roi?\u201d \u201cTu le dis. Je suis Roi. C&rsquo;est pour cela que je suis venu au monde: pour rendre t\u00e9moignage \u00e0 la V\u00e9rit\u00e9. Qui est ami de la v\u00e9rit\u00e9 \u00e9coute ma voix.\u201d<\/strong><\/p>\n<p><em>Extrait de \u00ab\u00a0L&rsquo;Evangile tel qu&rsquo;il m&rsquo;a \u00e9t\u00e9 r\u00e9v\u00e9l\u00e9\u00a0\u00bb de Maria Valtorta<\/em><\/p>\n<p><span style=\"color: #ffffff;\"><strong>.<\/strong><\/span><\/p>\n<p><span style=\"color: #ffffff;\"><strong>.<\/strong><\/span><\/p>\n","protected":false},"excerpt":{"rendered":"<p>\u201d\u00a0Pilate retourne pr\u00e8s de J\u00e9sus, qui est au milieu de l&rsquo;atrium, laiss\u00e9 l\u00e0 par les soldats li\u00e9 mais sans escorte tant appara\u00eet nettement sa douceur. Et il Lui demande: \u201cEs-tu le roi des juifs?\u201d \u201cLe demandes-tu de toi-m\u00eame ou parce que d&rsquo;autres l&rsquo;insinuent?\u201d \u201cEt que veux que m&rsquo;importe ton royaume? Suis-je juif, par hasard? Ta [&hellip;]<\/p>\n","protected":false},"author":2,"featured_media":0,"comment_status":"closed","ping_status":"closed","sticky":false,"template":"","format":"standard","meta":{"footnotes":""},"categories":[3,13],"tags":[221,1382,634,777,907],"class_list":["post-4325","post","type-post","status-publish","format-standard","hentry","category-liturgique","category-ecritures","tag-christ-roi","tag-ecritures","tag-maria-valtorta","tag-passion","tag-royaume-des-cieux"],"_links":{"self":[{"href":"https:\/\/www.associationdemarie.org\/blog\/wp-json\/wp\/v2\/posts\/4325","targetHints":{"allow":["GET"]}}],"collection":[{"href":"https:\/\/www.associationdemarie.org\/blog\/wp-json\/wp\/v2\/posts"}],"about":[{"href":"https:\/\/www.associationdemarie.org\/blog\/wp-json\/wp\/v2\/types\/post"}],"author":[{"embeddable":true,"href":"https:\/\/www.associationdemarie.org\/blog\/wp-json\/wp\/v2\/users\/2"}],"replies":[{"embeddable":true,"href":"https:\/\/www.associationdemarie.org\/blog\/wp-json\/wp\/v2\/comments?post=4325"}],"version-history":[{"count":0,"href":"https:\/\/www.associationdemarie.org\/blog\/wp-json\/wp\/v2\/posts\/4325\/revisions"}],"wp:attachment":[{"href":"https:\/\/www.associationdemarie.org\/blog\/wp-json\/wp\/v2\/media?parent=4325"}],"wp:term":[{"taxonomy":"category","embeddable":true,"href":"https:\/\/www.associationdemarie.org\/blog\/wp-json\/wp\/v2\/categories?post=4325"},{"taxonomy":"post_tag","embeddable":true,"href":"https:\/\/www.associationdemarie.org\/blog\/wp-json\/wp\/v2\/tags?post=4325"}],"curies":[{"name":"wp","href":"https:\/\/api.w.org\/{rel}","templated":true}]}}