{"id":43,"date":"2009-02-21T07:43:40","date_gmt":"2009-02-21T07:43:40","guid":{"rendered":"http:\/\/preprod.meltem-int.com\/marie\/blog\/?p=43"},"modified":"2009-02-21T07:43:40","modified_gmt":"2009-02-21T07:43:40","slug":"actualites-fevrier-2009","status":"publish","type":"post","link":"https:\/\/www.associationdemarie.org\/blog\/actualites-fevrier-2009\/","title":{"rendered":"Actualit\u00e9s &#8211; f\u00e9vrier 2009"},"content":{"rendered":"<p class=\"MsoNormal\"><strong><img loading=\"lazy\" decoding=\"async\" class=\"alignleft size-full wp-image-44\" title=\"note\" src=\"https:\/\/www.associationdemarie.org\/blog\/wp-content\/uploads\/2009\/05\/note.gif\" alt=\"note\" width=\"45\" height=\"56\" \/>L\u2019association organisera, du 17 au 22 ao\u00fbt 2009, un p\u00e8lerinage \u00e0 San Giovanni Rotondo<\/strong>. Sur la route, nous nous arr\u00eaterons \u00e0 Rome pour visiter la Basilique Saint Paul Hors les Murs puis \u00e0 env. 1 km le lieu de son martyr (Trois Fontaines) en rappelant que St Paul est un des quatre saints que nous prions dans le cadre des neuvaines. Au retour, nous passerons \u00e0\u00a0<strong>Lanciano<\/strong> (miracle eucharistique) et nous irons dormir \u00e0\u00a0<strong>San Damiano<\/strong>.<\/p>\n<p><em>Nous ne manquerons pas, tr\u00e8s prochainement, de vous faire part du programme complet. Vous pouvez d\u2019ores et d\u00e9j\u00e0 vous pr\u00e9inscrire aupr\u00e8s de l\u2019\u00e9quipe.<\/em><\/p>\n<p><strong>Notre prochain rendez-vous aura lieu au Mas Dieu le dimanche 15 mars<\/strong>. Marie nous a rappel\u00e9 dans un de ses derniers messages qu\u2019elle tenait beaucoup \u00e0 notre pr\u00e9sence en ces occasions de rencontre et de pri\u00e8re.<\/p>\n<p class=\"MsoNormal\">Rendez-vous ce jour l\u00e0 est fix\u00e9 \u00e0\u00a0<strong>11 heures<\/strong> avec la\u00a0<strong>Messe<\/strong> \u00e0 11h30, le repas et le rosaire \u00e0 14h30.<\/p>\n<p class=\"MsoNormal\">Marie nous fera la gr\u00e2ce d\u2019un message, comme elle nous l\u2019a promis ce mois-ci.<\/p>\n<p class=\"MsoNormal\">Le repas est tir\u00e9 du sac et mis en commun.<\/p>\n<p>Vous pouvez d\u00e8s aujourd\u2019hui r\u00e9server le\u00a0<strong>dimanche 19 avril<\/strong>, comme nous y invite la Vierge tous les mois, \u00ab\u00a0<em>pour nous aimer et nous rencontrer<\/em> \u00bb. Nous nous retrouverons au Mas Dieu. Nous vous y attendons, aussi, nombreux.<\/p>\n<figure id=\"attachment_371\" aria-describedby=\"caption-attachment-371\" style=\"width: 213px\" class=\"wp-caption alignright\"><a href=\"https:\/\/www.associationdemarie.org\/blog\/wp-content\/uploads\/2009\/02\/maison-de-marie-bulletin-008.pdf\"><img loading=\"lazy\" decoding=\"async\" class=\"size-medium wp-image-371 \" title=\"maison-de-marie-bulletin-008_page_1\" src=\"https:\/\/www.associationdemarie.org\/blog\/wp-content\/uploads\/2009\/02\/maison-de-marie-bulletin-008_page_1-213x300.jpg\" alt=\"maison-de-marie-bulletin-008_page_1\" width=\"213\" height=\"300\" srcset=\"https:\/\/www.associationdemarie.org\/blog\/wp-content\/uploads\/2009\/02\/maison-de-marie-bulletin-008_page_1-213x300.jpg 213w, https:\/\/www.associationdemarie.org\/blog\/wp-content\/uploads\/2009\/02\/maison-de-marie-bulletin-008_page_1.jpg 250w\" sizes=\"auto, (max-width: 213px) 100vw, 213px\" \/><\/a><figcaption id=\"caption-attachment-371\" class=\"wp-caption-text\">T\u00e9l\u00e9charger le bulletin 8<\/figcaption><\/figure>\n<p class=\"MsoNormal\"><strong>Le bulletin n\u00b08<\/strong> est maintenant disponible.<\/p>\n","protected":false},"excerpt":{"rendered":"<p>L\u2019association organisera, du 17 au 22 ao\u00fbt 2009, un p\u00e8lerinage \u00e0 San Giovanni Rotondo. Sur la route, nous nous arr\u00eaterons \u00e0 Rome pour visiter la Basilique Saint Paul Hors les Murs puis \u00e0 env. 1 km le lieu de son martyr (Trois Fontaines) en rappelant que St Paul est un des quatre saints que nous [&hellip;]<\/p>\n","protected":false},"author":2,"featured_media":0,"comment_status":"closed","ping_status":"closed","sticky":false,"template":"","format":"standard","meta":{"footnotes":""},"categories":[2,5,19],"tags":[1379,1380,648,1387],"class_list":["post-43","post","type-post","status-publish","format-standard","hentry","category-actualites","category-bulletin","category-messages","tag-actualites","tag-bulletin","tag-mas-dieu","tag-pelerinage"],"_links":{"self":[{"href":"https:\/\/www.associationdemarie.org\/blog\/wp-json\/wp\/v2\/posts\/43","targetHints":{"allow":["GET"]}}],"collection":[{"href":"https:\/\/www.associationdemarie.org\/blog\/wp-json\/wp\/v2\/posts"}],"about":[{"href":"https:\/\/www.associationdemarie.org\/blog\/wp-json\/wp\/v2\/types\/post"}],"author":[{"embeddable":true,"href":"https:\/\/www.associationdemarie.org\/blog\/wp-json\/wp\/v2\/users\/2"}],"replies":[{"embeddable":true,"href":"https:\/\/www.associationdemarie.org\/blog\/wp-json\/wp\/v2\/comments?post=43"}],"version-history":[{"count":0,"href":"https:\/\/www.associationdemarie.org\/blog\/wp-json\/wp\/v2\/posts\/43\/revisions"}],"wp:attachment":[{"href":"https:\/\/www.associationdemarie.org\/blog\/wp-json\/wp\/v2\/media?parent=43"}],"wp:term":[{"taxonomy":"category","embeddable":true,"href":"https:\/\/www.associationdemarie.org\/blog\/wp-json\/wp\/v2\/categories?post=43"},{"taxonomy":"post_tag","embeddable":true,"href":"https:\/\/www.associationdemarie.org\/blog\/wp-json\/wp\/v2\/tags?post=43"}],"curies":[{"name":"wp","href":"https:\/\/api.w.org\/{rel}","templated":true}]}}