{"id":4294,"date":"2011-11-09T01:28:43","date_gmt":"2011-11-09T01:28:43","guid":{"rendered":"http:\/\/preprod.meltem-int.com\/marie\/blog\/?p=4294"},"modified":"2011-11-09T01:28:43","modified_gmt":"2011-11-09T01:28:43","slug":"priere-des-ames","status":"publish","type":"post","link":"https:\/\/www.associationdemarie.org\/blog\/priere-des-ames\/","title":{"rendered":"Pri\u00e8re des \u00e2mes"},"content":{"rendered":"<p><a href=\"https:\/\/www.associationdemarie.org\/blog\/wp-content\/uploads\/2011\/10\/Purgatoire.jpg\"><img loading=\"lazy\" decoding=\"async\" class=\"aligncenter size-full wp-image-4295\" title=\"Purgatoire\" src=\"https:\/\/www.associationdemarie.org\/blog\/wp-content\/uploads\/2011\/10\/Purgatoire.jpg\" alt=\"\" width=\"289\" height=\"400\" srcset=\"https:\/\/www.associationdemarie.org\/blog\/wp-content\/uploads\/2011\/10\/Purgatoire.jpg 289w, https:\/\/www.associationdemarie.org\/blog\/wp-content\/uploads\/2011\/10\/Purgatoire-216x300.jpg 216w\" sizes=\"auto, (max-width: 289px) 100vw, 289px\" \/><\/a><\/p>\n<p>Chers enfants,<\/p>\n<p>Il est un long fleuve tranquille o\u00f9 repose un p\u00e9tale de rose blanche, ce p\u00e9tale est une nouvelle \u00e2me venue rejoindre l\u2019\u00e9den. Cette \u00e2me rappel\u00e9e par le P\u00e8re C\u00e9leste doit \u00eatre une joie pour vous tous, elle est dans la Lumi\u00e8re et l\u2019All\u00e9gresse de sa nouvelle vie. Vie qui confirmera son amour terrestre et l\u2019enseignement sur la vraie v\u00e9rit\u00e9, c\u2019est une nouvelle joie indescriptible pour vous mais r\u00e9elle \u00e0 son \u00e9gard et son entendement.<\/p>\n<p>D\u2019autres p\u00e9tales la rejoignent au fur et \u00e0 mesure et ce sont des retrouvailles c\u00e9lestes grandioses. Il n\u2019est de mot terrestre au panorama des cieux et \u00e0 son enchantement.<\/p>\n<p>Mes enfants, il faut prier pour toutes ces \u00e2mes qui montent aupr\u00e8s de nous. Mais il faut prier encore plus pour les \u00e2mes terrestres perdues dans un oc\u00e9an assourdissant de guerres, de chagrin et de peines en tout genre.<\/p>\n<p>Marie M\u00e8re des hommes &#8211; septembre 2011<\/p>\n<p><span style=\"color: #ffffff;\">.<\/span><\/p>\n<p><span style=\"color: #ffffff;\">.<\/span><\/p>\n","protected":false},"excerpt":{"rendered":"<p>Chers enfants, Il est un long fleuve tranquille o\u00f9 repose un p\u00e9tale de rose blanche, ce p\u00e9tale est une nouvelle \u00e2me venue rejoindre l\u2019\u00e9den. Cette \u00e2me rappel\u00e9e par le P\u00e8re C\u00e9leste doit \u00eatre une joie pour vous tous, elle est dans la Lumi\u00e8re et l\u2019All\u00e9gresse de sa nouvelle vie. Vie qui confirmera son amour terrestre [&hellip;]<\/p>\n","protected":false},"author":2,"featured_media":0,"comment_status":"closed","ping_status":"closed","sticky":false,"template":"","format":"standard","meta":{"footnotes":""},"categories":[5,12,16,26],"tags":[60,283,334,795,798,1146],"class_list":["post-4294","post","type-post","status-publish","format-standard","hentry","category-bulletin","category-crise","category-jardins-de-la-bible","category-priere-des-ames","tag-ames","tag-defunts","tag-eden","tag-pere-eternel","tag-petales","tag-toussaint"],"_links":{"self":[{"href":"https:\/\/www.associationdemarie.org\/blog\/wp-json\/wp\/v2\/posts\/4294","targetHints":{"allow":["GET"]}}],"collection":[{"href":"https:\/\/www.associationdemarie.org\/blog\/wp-json\/wp\/v2\/posts"}],"about":[{"href":"https:\/\/www.associationdemarie.org\/blog\/wp-json\/wp\/v2\/types\/post"}],"author":[{"embeddable":true,"href":"https:\/\/www.associationdemarie.org\/blog\/wp-json\/wp\/v2\/users\/2"}],"replies":[{"embeddable":true,"href":"https:\/\/www.associationdemarie.org\/blog\/wp-json\/wp\/v2\/comments?post=4294"}],"version-history":[{"count":0,"href":"https:\/\/www.associationdemarie.org\/blog\/wp-json\/wp\/v2\/posts\/4294\/revisions"}],"wp:attachment":[{"href":"https:\/\/www.associationdemarie.org\/blog\/wp-json\/wp\/v2\/media?parent=4294"}],"wp:term":[{"taxonomy":"category","embeddable":true,"href":"https:\/\/www.associationdemarie.org\/blog\/wp-json\/wp\/v2\/categories?post=4294"},{"taxonomy":"post_tag","embeddable":true,"href":"https:\/\/www.associationdemarie.org\/blog\/wp-json\/wp\/v2\/tags?post=4294"}],"curies":[{"name":"wp","href":"https:\/\/api.w.org\/{rel}","templated":true}]}}