{"id":4266,"date":"2011-11-06T01:41:15","date_gmt":"2011-11-06T01:41:15","guid":{"rendered":"http:\/\/preprod.meltem-int.com\/marie\/blog\/?p=4266"},"modified":"2011-11-06T01:41:15","modified_gmt":"2011-11-06T01:41:15","slug":"4266","status":"publish","type":"post","link":"https:\/\/www.associationdemarie.org\/blog\/4266\/","title":{"rendered":"Tenir la lampe allum\u00e9e"},"content":{"rendered":"<p style=\"text-align: left;\"><span style=\"font-family: 'Times New Roman'; font-size: medium;\"><span style=\"font-size: medium;\"><span style=\"font-family: 'Times New Roman';\"><strong><a href=\"https:\/\/www.associationdemarie.org\/blog\/wp-content\/uploads\/2011\/10\/Vierges-folles-vierges-sages.jpeg\"><img loading=\"lazy\" decoding=\"async\" class=\"size-medium wp-image-4267 aligncenter\" title=\"Vierges folles vierges sages\" src=\"https:\/\/www.associationdemarie.org\/blog\/wp-content\/uploads\/2011\/10\/Vierges-folles-vierges-sages-300x152.jpg\" alt=\"\" width=\"300\" height=\"152\" \/><\/a><\/strong><\/span><\/span><\/span><\/p>\n<p style=\"text-align: left;\"><span style=\"color: #ffffff;\">.<\/span><\/p>\n<p style=\"text-align: left;\"><span style=\"font-family: 'Times New Roman'; font-size: medium;\"><span style=\"font-size: medium;\"><span style=\"font-family: 'Times New Roman';\"><strong>Elles ont leurs lampes allum\u00e9es.<\/strong> A la fois pour honorer l&rsquo;\u00c9poux et pour se guider en chemin. Comme elle est brillante la foi et quelle douce amie elle est ! Elle donne une flamme qui rayonne comme une \u00e9toile, une flamme qui rit car elle est tranquille dans sa certitude, une flamme qui rend lumineux m\u00eame l&rsquo;instrument qui la porte. M\u00eame la chair de l&rsquo;homme que nourrit la foi semble, d\u00e8s cette terre, devenir plus lumineuse et plus spirituelle, exempte d&rsquo;un vieillissement pr\u00e9coce. Car celui qui croit se laisse guider par les paroles et les commandements de Dieu pour arriver \u00e0 poss\u00e9der Dieu, sa fin, et par cons\u00e9quent il fuit toute corruption, il n&rsquo;a pas de troubles, de peurs, de remords, il n&rsquo;est pas oblig\u00e9 de faire des efforts pour se rappeler ses mensonges ou pour cacher ses mauvaises actions, et il se conserve beau et jeune de la belle incorruptibilit\u00e9 des saints. Une chair et un sang, un esprit et un c\u0153ur nets de toute luxure pour conserver l&rsquo;huile de la foi, pour donner une lumi\u00e8re sans fum\u00e9e. Une volont\u00e9 constante pour nourrir toujours cette lumi\u00e8re. La vie de chaque jour avec ses d\u00e9ceptions, ses constatations, ses contacts, ses tentations, ses frictions, tend \u00e0 diminuer la foi. Non ! Cela ne doit pas arriver. Allez chaque jour aux sources de l&rsquo;huile suave, de l&rsquo;huile de la sagesse, de l&rsquo;huile de Dieu.<\/span><\/span><\/span><\/p>\n<p>Une lampe peu aliment\u00e9e peut s&rsquo;\u00e9teindre au moindre vent, peut \u00eatre \u00e9teinte par la lourde ros\u00e9e de la nuit. La nuit&#8230; L&rsquo;heure des t\u00e9n\u00e8bres, du p\u00e9ch\u00e9, de la tentation vient pour tous. C&rsquo;est la nuit de l&rsquo;\u00e2me. Mais si elle se remplit, elle-m\u00eame, de foi, sa flamme ne peut \u00eatre \u00e9teinte par le vent du monde ni par le brouillard de la sensualit\u00e9.<\/p>\n<p>Pour conclure, vigilance, vigilance, vigilance. L&rsquo;imprudent qui ose dire : \u00ab\u00a0Oh ! Dieu viendra \u00e0 un moment o\u00f9 j&rsquo;aurai encore la lumi\u00e8re en moi\u00a0\u00bb, qui se met \u00e0 dormir au lieu de veiller, \u00e0 dormir d\u00e9pourvu de ce qu&rsquo;il faut pour se lever promptement au premier appel, qui attend le dernier moment pour se procurer l&rsquo;huile de la foi ou la m\u00e8che r\u00e9sistante de la bonne volont\u00e9, court le risque de rester dehors \u00e0 l&rsquo;arriv\u00e9e de l&rsquo;\u00c9poux. Veillez donc avec prudence, avec constance, avec puret\u00e9, avec confiance pour \u00eatre toujours pr\u00eats \u00e0 l&rsquo;appel de Dieu car en r\u00e9alit\u00e9 vous ne savez pas quand Il viendra.<\/p>\n<p>Mes chers disciples, je ne veux pas vous amener \u00e0 avoir peur de Dieu, mais plut\u00f4t \u00e0 avoir foi en sa bont\u00e9. Aussi bien vous qui restez que vous qui partez, pensez que, si vous faites ce que firent les vierges sages, vous serez appel\u00e9s non seulement \u00e0 escorter l&rsquo;\u00c9poux mais, comme pour la jeune Esther, devenue \u00e9pouse \u00e0 la place de Vasti, vous serez choisis et \u00e9lus comme \u00e9pouses car l&rsquo;\u00c9poux aura \u00ab\u00a0trouv\u00e9 en vous toute gr\u00e2ce et toute faveur, au-dessus de tout autre\u00a0\u00bb. Je vous b\u00e9nis, vous qui partez. Portez en vous et apportez \u00e0 vos compagnons ces paroles que je vous ai adress\u00e9es. La paix du Seigneur soit toujours avec vous.\u00a0\u00bb<\/p>\n<p style=\"text-align: left;\"><em><span style=\"font-family: 'Times New Roman'; font-size: medium;\">De \u00ab\u00a0L&rsquo;Evangile tel qu&rsquo;il m&rsquo;a \u00e9t\u00e9 r\u00e9v\u00e9l\u00e9.\u00a0\u00bb de Maria Valtorta (398)<\/span><\/em><\/p>\n<p style=\"text-align: left;\"><span style=\"color: #ffffff;\"><em><span style=\"font-family: 'Times New Roman'; font-size: medium;\">.<\/span><\/em><\/span><\/p>\n<p style=\"text-align: left;\"><span style=\"color: #ffffff;\"><em><span style=\"font-family: 'Times New Roman'; font-size: medium;\">.<\/span><\/em><\/span><\/p>\n","protected":false},"excerpt":{"rendered":"<p>. Elles ont leurs lampes allum\u00e9es. A la fois pour honorer l&rsquo;\u00c9poux et pour se guider en chemin. Comme elle est brillante la foi et quelle douce amie elle est ! Elle donne une flamme qui rayonne comme une \u00e9toile, une flamme qui rit car elle est tranquille dans sa certitude, une flamme qui rend [&hellip;]<\/p>\n","protected":false},"author":2,"featured_media":0,"comment_status":"closed","ping_status":"closed","sticky":false,"template":"","format":"standard","meta":{"footnotes":""},"categories":[3,13,26],"tags":[57,368,369,567,634,1055],"class_list":["post-4266","post","type-post","status-publish","format-standard","hentry","category-liturgique","category-ecritures","category-priere-des-ames","tag-ame","tag-epouse","tag-epoux","tag-lampes","tag-maria-valtorta","tag-st-luc"],"_links":{"self":[{"href":"https:\/\/www.associationdemarie.org\/blog\/wp-json\/wp\/v2\/posts\/4266","targetHints":{"allow":["GET"]}}],"collection":[{"href":"https:\/\/www.associationdemarie.org\/blog\/wp-json\/wp\/v2\/posts"}],"about":[{"href":"https:\/\/www.associationdemarie.org\/blog\/wp-json\/wp\/v2\/types\/post"}],"author":[{"embeddable":true,"href":"https:\/\/www.associationdemarie.org\/blog\/wp-json\/wp\/v2\/users\/2"}],"replies":[{"embeddable":true,"href":"https:\/\/www.associationdemarie.org\/blog\/wp-json\/wp\/v2\/comments?post=4266"}],"version-history":[{"count":0,"href":"https:\/\/www.associationdemarie.org\/blog\/wp-json\/wp\/v2\/posts\/4266\/revisions"}],"wp:attachment":[{"href":"https:\/\/www.associationdemarie.org\/blog\/wp-json\/wp\/v2\/media?parent=4266"}],"wp:term":[{"taxonomy":"category","embeddable":true,"href":"https:\/\/www.associationdemarie.org\/blog\/wp-json\/wp\/v2\/categories?post=4266"},{"taxonomy":"post_tag","embeddable":true,"href":"https:\/\/www.associationdemarie.org\/blog\/wp-json\/wp\/v2\/tags?post=4266"}],"curies":[{"name":"wp","href":"https:\/\/api.w.org\/{rel}","templated":true}]}}