{"id":4237,"date":"2011-10-26T01:31:40","date_gmt":"2011-10-26T01:31:40","guid":{"rendered":"http:\/\/preprod.meltem-int.com\/marie\/blog\/?p=4237"},"modified":"2011-10-26T01:31:40","modified_gmt":"2011-10-26T01:31:40","slug":"crise-2","status":"publish","type":"post","link":"https:\/\/www.associationdemarie.org\/blog\/crise-2\/","title":{"rendered":"Crise"},"content":{"rendered":"<p><a href=\"https:\/\/www.associationdemarie.org\/blog\/wp-content\/uploads\/2011\/10\/crise.jpg\"><img loading=\"lazy\" decoding=\"async\" class=\"alignleft size-thumbnail wp-image-4238\" title=\"crise\" src=\"https:\/\/www.associationdemarie.org\/blog\/wp-content\/uploads\/2011\/10\/crise-150x150.jpg\" alt=\"\" width=\"150\" height=\"150\" srcset=\"https:\/\/www.associationdemarie.org\/blog\/wp-content\/uploads\/2011\/10\/crise-150x150.jpg 150w, https:\/\/www.associationdemarie.org\/blog\/wp-content\/uploads\/2011\/10\/crise-300x300.jpg 300w, https:\/\/www.associationdemarie.org\/blog\/wp-content\/uploads\/2011\/10\/crise.jpg 320w\" sizes=\"auto, (max-width: 150px) 100vw, 150px\" \/><\/a>Mes enfants, je suis dans l\u2019embarras de vous dire que des changements vont se produire dans vos soci\u00e9t\u00e9s, des changements humains, soci\u00e9taires qui sont li\u00e9s \u00e0 vos dirigeants ou certaines formations de vos dirigeants. Ca va prendre une ampleur mondiale qui va d\u00e9velopper un durcissement des politiques. Il faut que je vous dise que garder la foi en moi par mon Fils vous permettra d\u2019avancer.<\/p>\n<p>Marie M\u00e8re des hommes &#8211; octobre 2011<\/p>\n<p><span style=\"color: #ffffff;\">.<\/span><\/p>\n<p><span style=\"color: #ffffff;\">.<\/span><\/p>\n<p>&nbsp;<\/p>\n","protected":false},"excerpt":{"rendered":"<p>Mes enfants, je suis dans l\u2019embarras de vous dire que des changements vont se produire dans vos soci\u00e9t\u00e9s, des changements humains, soci\u00e9taires qui sont li\u00e9s \u00e0 vos dirigeants ou certaines formations de vos dirigeants. Ca va prendre une ampleur mondiale qui va d\u00e9velopper un durcissement des politiques. Il faut que je vous dise que garder [&hellip;]<\/p>\n","protected":false},"author":2,"featured_media":0,"comment_status":"closed","ping_status":"closed","sticky":false,"template":"","format":"standard","meta":{"footnotes":""},"categories":[2,5,12,19],"tags":[1381,413,686,989],"class_list":["post-4237","post","type-post","status-publish","format-standard","hentry","category-actualites","category-bulletin","category-crise","category-messages","tag-crise","tag-fils","tag-monde","tag-societes"],"_links":{"self":[{"href":"https:\/\/www.associationdemarie.org\/blog\/wp-json\/wp\/v2\/posts\/4237","targetHints":{"allow":["GET"]}}],"collection":[{"href":"https:\/\/www.associationdemarie.org\/blog\/wp-json\/wp\/v2\/posts"}],"about":[{"href":"https:\/\/www.associationdemarie.org\/blog\/wp-json\/wp\/v2\/types\/post"}],"author":[{"embeddable":true,"href":"https:\/\/www.associationdemarie.org\/blog\/wp-json\/wp\/v2\/users\/2"}],"replies":[{"embeddable":true,"href":"https:\/\/www.associationdemarie.org\/blog\/wp-json\/wp\/v2\/comments?post=4237"}],"version-history":[{"count":0,"href":"https:\/\/www.associationdemarie.org\/blog\/wp-json\/wp\/v2\/posts\/4237\/revisions"}],"wp:attachment":[{"href":"https:\/\/www.associationdemarie.org\/blog\/wp-json\/wp\/v2\/media?parent=4237"}],"wp:term":[{"taxonomy":"category","embeddable":true,"href":"https:\/\/www.associationdemarie.org\/blog\/wp-json\/wp\/v2\/categories?post=4237"},{"taxonomy":"post_tag","embeddable":true,"href":"https:\/\/www.associationdemarie.org\/blog\/wp-json\/wp\/v2\/tags?post=4237"}],"curies":[{"name":"wp","href":"https:\/\/api.w.org\/{rel}","templated":true}]}}