{"id":4205,"date":"2011-10-23T01:39:55","date_gmt":"2011-10-23T01:39:55","guid":{"rendered":"http:\/\/preprod.meltem-int.com\/marie\/blog\/?p=4205"},"modified":"2011-10-23T01:39:55","modified_gmt":"2011-10-23T01:39:55","slug":"pauvres","status":"publish","type":"post","link":"https:\/\/www.associationdemarie.org\/blog\/pauvres\/","title":{"rendered":"Pauvres"},"content":{"rendered":"<p><a href=\"https:\/\/www.associationdemarie.org\/blog\/wp-content\/uploads\/2011\/10\/pauvret\u00e9.jpg\"><img loading=\"lazy\" decoding=\"async\" class=\"aligncenter size-medium wp-image-4206\" title=\"pauvret\u00e9\" src=\"https:\/\/www.associationdemarie.org\/blog\/wp-content\/uploads\/2011\/10\/pauvret\u00e9-300x272.jpg\" alt=\"\" width=\"300\" height=\"272\" srcset=\"https:\/\/www.associationdemarie.org\/blog\/wp-content\/uploads\/2011\/10\/pauvret\u00e9-300x272.jpg 300w, https:\/\/www.associationdemarie.org\/blog\/wp-content\/uploads\/2011\/10\/pauvret\u00e9.jpg 432w\" sizes=\"auto, (max-width: 300px) 100vw, 300px\" \/><\/a><\/p>\n<p>En v\u00e9rit\u00e9, je vous dis que, comme Moi je suis dans le P\u00e8re, ainsi les pauvres sont en Dieu. C&rsquo;est pour cela que Moi, Verbe du P\u00e8re, j&rsquo;ai voulu na\u00eetre pauvre et demeurer pauvre. Parce que parmi les pauvres, je me sens plus proche du P\u00e8re qui aime les petits et qu&rsquo;eux aiment de toutes leurs forces. Les riches ont tant de choses. Les pauvres n&rsquo;ont que Dieu. Les riches ont des amis. Les pauvres sont seuls. Les riches ont beaucoup de consolations. Les pauvres n&rsquo;en ont pas. Les riches ont des distractions. Les pauvres n&rsquo;ont que leur travail. Pour les riches, l&rsquo;argent leur rend tout facile. Les pauvres ont encore la croix de devoir craindre les maladies, les disettes car ce serait pour eux la faim et la mort. Mais les pauvres ont Dieu. C&rsquo;est leur Ami. C&rsquo;est leur Consolateur. Celui qui les distrait de leur p\u00e9nible pr\u00e9sent par les esp\u00e9rances c\u00e9lestes. Celui \u00e0 qui l&rsquo;on peut dire &#8211; et eux savent le dire et le disent parce que pr\u00e9cis\u00e9ment ils sont pauvres, humbles et seuls -: \u00ab\u00a0P\u00e8re, accorde-nous ta mis\u00e9ricorde\u00a0\u00bb.<\/p>\n<p><em>Extrait de la Traduction de \u201cL\u2019\u00e9vangile tel qu\u2019il m\u2019a \u00e9t\u00e9 r\u00e9v\u00e9l\u00e9\u201d de Maria Valtorta \u00a9Centro <\/em><\/p>\n<p><span style=\"color: #ffffff;\"><em>.<\/em><\/span><\/p>\n<p><span style=\"color: #ffffff;\"><em>.<\/em><\/span><\/p>\n","protected":false},"excerpt":{"rendered":"<p>En v\u00e9rit\u00e9, je vous dis que, comme Moi je suis dans le P\u00e8re, ainsi les pauvres sont en Dieu. C&rsquo;est pour cela que Moi, Verbe du P\u00e8re, j&rsquo;ai voulu na\u00eetre pauvre et demeurer pauvre. Parce que parmi les pauvres, je me sens plus proche du P\u00e8re qui aime les petits et qu&rsquo;eux aiment de toutes [&hellip;]<\/p>\n","protected":false},"author":2,"featured_media":0,"comment_status":"closed","ping_status":"closed","sticky":false,"template":"","format":"standard","meta":{"footnotes":""},"categories":[13],"tags":[535,634,678,785,792],"class_list":["post-4205","post","type-post","status-publish","format-standard","hentry","category-ecritures","tag-jesus","tag-maria-valtorta","tag-misericorde","tag-pauvrete","tag-pere"],"_links":{"self":[{"href":"https:\/\/www.associationdemarie.org\/blog\/wp-json\/wp\/v2\/posts\/4205","targetHints":{"allow":["GET"]}}],"collection":[{"href":"https:\/\/www.associationdemarie.org\/blog\/wp-json\/wp\/v2\/posts"}],"about":[{"href":"https:\/\/www.associationdemarie.org\/blog\/wp-json\/wp\/v2\/types\/post"}],"author":[{"embeddable":true,"href":"https:\/\/www.associationdemarie.org\/blog\/wp-json\/wp\/v2\/users\/2"}],"replies":[{"embeddable":true,"href":"https:\/\/www.associationdemarie.org\/blog\/wp-json\/wp\/v2\/comments?post=4205"}],"version-history":[{"count":0,"href":"https:\/\/www.associationdemarie.org\/blog\/wp-json\/wp\/v2\/posts\/4205\/revisions"}],"wp:attachment":[{"href":"https:\/\/www.associationdemarie.org\/blog\/wp-json\/wp\/v2\/media?parent=4205"}],"wp:term":[{"taxonomy":"category","embeddable":true,"href":"https:\/\/www.associationdemarie.org\/blog\/wp-json\/wp\/v2\/categories?post=4205"},{"taxonomy":"post_tag","embeddable":true,"href":"https:\/\/www.associationdemarie.org\/blog\/wp-json\/wp\/v2\/tags?post=4205"}],"curies":[{"name":"wp","href":"https:\/\/api.w.org\/{rel}","templated":true}]}}