{"id":4192,"date":"2011-10-31T01:53:37","date_gmt":"2011-10-31T01:53:37","guid":{"rendered":"http:\/\/preprod.meltem-int.com\/marie\/blog\/?p=4192"},"modified":"2011-10-31T01:53:37","modified_gmt":"2011-10-31T01:53:37","slug":"intentions-de-prieres-de-benoit-16-4","status":"publish","type":"post","link":"https:\/\/www.associationdemarie.org\/blog\/intentions-de-prieres-de-benoit-16-4\/","title":{"rendered":"Intentions de pri\u00e8res de Beno\u00eet 16"},"content":{"rendered":"<p><a href=\"https:\/\/www.associationdemarie.org\/blog\/wp-content\/uploads\/2011\/10\/Beno\u00eet-16.jpg\"><img loading=\"lazy\" decoding=\"async\" class=\"aligncenter size-medium wp-image-4193\" title=\"Beno\u00eet 16\" src=\"https:\/\/www.associationdemarie.org\/blog\/wp-content\/uploads\/2011\/10\/Beno\u00eet-16-300x169.jpg\" alt=\"\" width=\"300\" height=\"169\" srcset=\"https:\/\/www.associationdemarie.org\/blog\/wp-content\/uploads\/2011\/10\/Beno\u00eet-16-300x169.jpg 300w, https:\/\/www.associationdemarie.org\/blog\/wp-content\/uploads\/2011\/10\/Beno\u00eet-16.jpg 468w\" sizes=\"auto, (max-width: 300px) 100vw, 300px\" \/><\/a><\/p>\n<p><strong>NOVEMBRE<\/strong><\/p>\n<p><strong>Universelle &#8211; Les Eglises catholiques orientales.<br \/>\n<\/strong>Pour les Eglises catholiques orientales, afin que leur tradition v\u00e9n\u00e9rable soit connue et estim\u00e9e en\u00a0tant que richesse spirituelle pour toute l&rsquo;Eglise.<\/p>\n<p><strong>Missionnaire &#8211; Justice et r\u00e9conciliation en Afrique.<br \/>\n<\/strong>Pour que le continent africain trouve dans le Christ la force de r\u00e9aliser le chemin de r\u00e9conciliation et\u00a0de justice indiqu\u00e9 par le second Synode des Ev\u00eaques pour l&rsquo;Afrique.<\/p>\n<p>&nbsp;<\/p>\n","protected":false},"excerpt":{"rendered":"<p>NOVEMBRE Universelle &#8211; Les Eglises catholiques orientales. Pour les Eglises catholiques orientales, afin que leur tradition v\u00e9n\u00e9rable soit connue et estim\u00e9e en\u00a0tant que richesse spirituelle pour toute l&rsquo;Eglise. Missionnaire &#8211; Justice et r\u00e9conciliation en Afrique. Pour que le continent africain trouve dans le Christ la force de r\u00e9aliser le chemin de r\u00e9conciliation et\u00a0de justice indiqu\u00e9 [&hellip;]<\/p>\n","protected":false},"author":2,"featured_media":0,"comment_status":"closed","ping_status":"closed","sticky":false,"template":"","format":"standard","meta":{"footnotes":""},"categories":[2,14],"tags":[45,142,336,504,680],"class_list":["post-4192","post","type-post","status-publish","format-standard","hentry","category-actualites","category-groupe-prieres","tag-afrique","tag-benoit-16","tag-eglise","tag-intentions-de-priere","tag-missions"],"_links":{"self":[{"href":"https:\/\/www.associationdemarie.org\/blog\/wp-json\/wp\/v2\/posts\/4192","targetHints":{"allow":["GET"]}}],"collection":[{"href":"https:\/\/www.associationdemarie.org\/blog\/wp-json\/wp\/v2\/posts"}],"about":[{"href":"https:\/\/www.associationdemarie.org\/blog\/wp-json\/wp\/v2\/types\/post"}],"author":[{"embeddable":true,"href":"https:\/\/www.associationdemarie.org\/blog\/wp-json\/wp\/v2\/users\/2"}],"replies":[{"embeddable":true,"href":"https:\/\/www.associationdemarie.org\/blog\/wp-json\/wp\/v2\/comments?post=4192"}],"version-history":[{"count":0,"href":"https:\/\/www.associationdemarie.org\/blog\/wp-json\/wp\/v2\/posts\/4192\/revisions"}],"wp:attachment":[{"href":"https:\/\/www.associationdemarie.org\/blog\/wp-json\/wp\/v2\/media?parent=4192"}],"wp:term":[{"taxonomy":"category","embeddable":true,"href":"https:\/\/www.associationdemarie.org\/blog\/wp-json\/wp\/v2\/categories?post=4192"},{"taxonomy":"post_tag","embeddable":true,"href":"https:\/\/www.associationdemarie.org\/blog\/wp-json\/wp\/v2\/tags?post=4192"}],"curies":[{"name":"wp","href":"https:\/\/api.w.org\/{rel}","templated":true}]}}