{"id":4161,"date":"2011-10-14T01:36:54","date_gmt":"2011-10-14T01:36:54","guid":{"rendered":"http:\/\/preprod.meltem-int.com\/marie\/blog\/?p=4161"},"modified":"2011-10-14T01:36:54","modified_gmt":"2011-10-14T01:36:54","slug":"pourquoi-dire-le-rosaire","status":"publish","type":"post","link":"https:\/\/www.associationdemarie.org\/blog\/pourquoi-dire-le-rosaire\/","title":{"rendered":"Pourquoi dire le Rosaire ?"},"content":{"rendered":"<p><span style=\"font-size: small;\"><a href=\"https:\/\/www.associationdemarie.org\/blog\/wp-content\/uploads\/2011\/10\/Jean-Paul-2-chapelet.jpg\"><img loading=\"lazy\" decoding=\"async\" class=\"alignleft size-full wp-image-4164\" title=\"Jean Paul 2-chapelet\" src=\"https:\/\/www.associationdemarie.org\/blog\/wp-content\/uploads\/2011\/10\/Jean-Paul-2-chapelet.jpg\" alt=\"\" width=\"150\" height=\"200\" \/><\/a>\u00ab\u00a0Le Rosaire est ma pri\u00e8re pr\u00e9f\u00e9r\u00e9e. C\u2019est une pri\u00e8re merveilleuse. Merveilleuse de simplicit\u00e9 et de profondeur. Dans cette pri\u00e8re nous r\u00e9p\u00e9tons de multiples fois les paroles de l\u2019Archange et d\u2019Elisabeth \u00e0 la Vierge Marie. Toute l\u2019Eglise s\u2019associe \u00e0 ces paroles. Cette pri\u00e8re si simple et si riche, de tout c\u0153ur, je vous exhorte \u00e0 la r\u00e9citer.\u00a0\u00bb<\/span><\/p>\n<p><span style=\"font-size: small;\"><em>(Jean-Paul II, ang\u00e9lus du 29.10.78)<\/em><\/span><\/p>\n<p><span style=\"font-size: small;\">\u00ab\u00a0Chers fr\u00e8res et s\u0153urs, pour vivre d\u2019une fa\u00e7on vraiment chr\u00e9tienne, il faut d\u2019abord que vous soyez anim\u00e9s du dedans par l\u2019Esprit de Dieu\u00a0; et je voudrais pour cela que vous vous tourniez davantage encore vers la Vierge Marie, votre M\u00e8re, la M\u00e8re de l\u2019Eglise. Qui, mieux que Marie, a v\u00e9cu une vie simple en la sanctifiant\u00a0? Qui, mieux que Marie, a accompagn\u00e9 J\u00e9sus dans toute sa vie, joyeuse, souffrante et glorieuse, est entr\u00e9e dans l\u2019intimit\u00e9 de ses sentiments filiaux pour le P\u00e8re, fraternels pour les autres\u00a0? Qui, mieux que Marie, associ\u00e9e maintenant \u00e0 la gloire de son Fils, peut intervenir en notre faveur\u00a0? Elle doit maintenant accompagner votre vie. Nous allons lui confier cette vie. L\u2019Eglise nous propose pour cela une pri\u00e8re toute simple, le Rosaire, le chapelet, qui peut calmement s\u2019\u00e9chelonner au rythme de nos journ\u00e9es. Le Rosaire, lentement r\u00e9cit\u00e9 et m\u00e9dit\u00e9, en famille, en communaut\u00e9, personnellement, vous fera entrer peu \u00e0 peu dans les sentiments du Christ et de sa M\u00e8re, en \u00e9voquant tous les \u00e9v\u00e9nements qui sont la clef de notre salut. Au gr\u00e9 des Ave Maria, vous contemplerez le myst\u00e8re de l\u2019Incarnation du Christ, la R\u00e9demption du Christ, et aussi le but vers lequel nous tendons, dans la lumi\u00e8re et le repos de Dieu. Avec Marie, vous ouvrirez votre \u00e2me \u00e0 l\u2019Esprit Saint, pour qu\u2019Il inspire toutes les grandes t\u00e2ches qui vous attendent. Que Marie soit votre guide et votre soutien.\u00a0\u00bb<\/span><\/p>\n<p><span style=\"font-size: small;\"><em>(Jean-Paul II, 6 mai 1980)<\/em><\/span><\/p>\n<p>&nbsp;<\/p>\n<p>&nbsp;<\/p>\n","protected":false},"excerpt":{"rendered":"<p>\u00ab\u00a0Le Rosaire est ma pri\u00e8re pr\u00e9f\u00e9r\u00e9e. C\u2019est une pri\u00e8re merveilleuse. Merveilleuse de simplicit\u00e9 et de profondeur. Dans cette pri\u00e8re nous r\u00e9p\u00e9tons de multiples fois les paroles de l\u2019Archange et d\u2019Elisabeth \u00e0 la Vierge Marie. Toute l\u2019Eglise s\u2019associe \u00e0 ces paroles. Cette pri\u00e8re si simple et si riche, de tout c\u0153ur, je vous exhorte \u00e0 la [&hellip;]<\/p>\n","protected":false},"author":2,"featured_media":0,"comment_status":"closed","ping_status":"closed","sticky":false,"template":"","format":"standard","meta":{"footnotes":""},"categories":[27,28],"tags":[158,336,830,902,1034,1189],"class_list":["post-4161","post","type-post","status-publish","format-standard","hentry","category-prieres","category-saints-et-saintes","tag-bienheureux-jean-paul-2","tag-eglise","tag-priere","tag-rosaire","tag-st-gabriel","tag-vierge-marie"],"_links":{"self":[{"href":"https:\/\/www.associationdemarie.org\/blog\/wp-json\/wp\/v2\/posts\/4161","targetHints":{"allow":["GET"]}}],"collection":[{"href":"https:\/\/www.associationdemarie.org\/blog\/wp-json\/wp\/v2\/posts"}],"about":[{"href":"https:\/\/www.associationdemarie.org\/blog\/wp-json\/wp\/v2\/types\/post"}],"author":[{"embeddable":true,"href":"https:\/\/www.associationdemarie.org\/blog\/wp-json\/wp\/v2\/users\/2"}],"replies":[{"embeddable":true,"href":"https:\/\/www.associationdemarie.org\/blog\/wp-json\/wp\/v2\/comments?post=4161"}],"version-history":[{"count":0,"href":"https:\/\/www.associationdemarie.org\/blog\/wp-json\/wp\/v2\/posts\/4161\/revisions"}],"wp:attachment":[{"href":"https:\/\/www.associationdemarie.org\/blog\/wp-json\/wp\/v2\/media?parent=4161"}],"wp:term":[{"taxonomy":"category","embeddable":true,"href":"https:\/\/www.associationdemarie.org\/blog\/wp-json\/wp\/v2\/categories?post=4161"},{"taxonomy":"post_tag","embeddable":true,"href":"https:\/\/www.associationdemarie.org\/blog\/wp-json\/wp\/v2\/tags?post=4161"}],"curies":[{"name":"wp","href":"https:\/\/api.w.org\/{rel}","templated":true}]}}