{"id":415,"date":"2009-06-22T17:42:40","date_gmt":"2009-06-22T17:42:40","guid":{"rendered":"http:\/\/preprod.meltem-int.com\/marie\/blog\/?p=415"},"modified":"2009-06-22T17:42:40","modified_gmt":"2009-06-22T17:42:40","slug":"bulletin-12","status":"publish","type":"post","link":"https:\/\/www.associationdemarie.org\/blog\/bulletin-12\/","title":{"rendered":"Bulletin 12"},"content":{"rendered":"<p>Notre journ\u00e9e rencontre du 21 juin s&rsquo;est d\u00e9roul\u00e9e sous un v\u00e9ritable ciel d&rsquo;\u00e9t\u00e9.\u00a0<\/p>\n<p>Marie, outre son message du 15 de chaque mois, nous a fait la gr\u00e2ce d&rsquo;un message compl\u00e9mentaire sous les ch\u00eanes du Mas Dieu.\u00a0<\/p>\n<p>Vous en trouverez les textes dans notre dernier bulletin.<\/p>\n<figure id=\"attachment_416\" aria-describedby=\"caption-attachment-416\" style=\"width: 212px\" class=\"wp-caption alignright\"><a href=\"https:\/\/www.associationdemarie.org\/blog\/wp-content\/uploads\/2009\/06\/bulletin-012.pdf\"><img loading=\"lazy\" decoding=\"async\" class=\"size-medium wp-image-416 \" title=\"bulletin-012_page_1\" src=\"https:\/\/www.associationdemarie.org\/blog\/wp-content\/uploads\/2009\/06\/bulletin-012_page_1-212x300.jpg\" alt=\"T\u00e9l\u00e9charger le bulletin 12\" width=\"212\" height=\"300\" srcset=\"https:\/\/www.associationdemarie.org\/blog\/wp-content\/uploads\/2009\/06\/bulletin-012_page_1-212x300.jpg 212w, https:\/\/www.associationdemarie.org\/blog\/wp-content\/uploads\/2009\/06\/bulletin-012_page_1-723x1024.jpg 723w, https:\/\/www.associationdemarie.org\/blog\/wp-content\/uploads\/2009\/06\/bulletin-012_page_1.jpg 2000w\" sizes=\"auto, (max-width: 212px) 100vw, 212px\" \/><\/a><figcaption id=\"caption-attachment-416\" class=\"wp-caption-text\">T\u00e9l\u00e9charger le bulletin 12<\/figcaption><\/figure>\n","protected":false},"excerpt":{"rendered":"<p>Notre journ\u00e9e rencontre du 21 juin s&rsquo;est d\u00e9roul\u00e9e sous un v\u00e9ritable ciel d&rsquo;\u00e9t\u00e9.\u00a0 Marie, outre son message du 15 de chaque mois, nous a fait la gr\u00e2ce d&rsquo;un message compl\u00e9mentaire sous les ch\u00eanes du Mas Dieu.\u00a0 Vous en trouverez les textes dans notre dernier bulletin.<\/p>\n","protected":false},"author":2,"featured_media":0,"comment_status":"closed","ping_status":"closed","sticky":false,"template":"","format":"standard","meta":{"footnotes":""},"categories":[2,5,19],"tags":[1380,636,1388,880],"class_list":["post-415","post","type-post","status-publish","format-standard","hentry","category-actualites","category-bulletin","category-messages","tag-bulletin","tag-marie","tag-prieres","tag-rencontre"],"_links":{"self":[{"href":"https:\/\/www.associationdemarie.org\/blog\/wp-json\/wp\/v2\/posts\/415","targetHints":{"allow":["GET"]}}],"collection":[{"href":"https:\/\/www.associationdemarie.org\/blog\/wp-json\/wp\/v2\/posts"}],"about":[{"href":"https:\/\/www.associationdemarie.org\/blog\/wp-json\/wp\/v2\/types\/post"}],"author":[{"embeddable":true,"href":"https:\/\/www.associationdemarie.org\/blog\/wp-json\/wp\/v2\/users\/2"}],"replies":[{"embeddable":true,"href":"https:\/\/www.associationdemarie.org\/blog\/wp-json\/wp\/v2\/comments?post=415"}],"version-history":[{"count":0,"href":"https:\/\/www.associationdemarie.org\/blog\/wp-json\/wp\/v2\/posts\/415\/revisions"}],"wp:attachment":[{"href":"https:\/\/www.associationdemarie.org\/blog\/wp-json\/wp\/v2\/media?parent=415"}],"wp:term":[{"taxonomy":"category","embeddable":true,"href":"https:\/\/www.associationdemarie.org\/blog\/wp-json\/wp\/v2\/categories?post=415"},{"taxonomy":"post_tag","embeddable":true,"href":"https:\/\/www.associationdemarie.org\/blog\/wp-json\/wp\/v2\/tags?post=415"}],"curies":[{"name":"wp","href":"https:\/\/api.w.org\/{rel}","templated":true}]}}