{"id":4148,"date":"2011-10-12T01:53:52","date_gmt":"2011-10-12T01:53:52","guid":{"rendered":"http:\/\/preprod.meltem-int.com\/marie\/blog\/?p=4148"},"modified":"2011-10-12T01:53:52","modified_gmt":"2011-10-12T01:53:52","slug":"4148","status":"publish","type":"post","link":"https:\/\/www.associationdemarie.org\/blog\/4148\/","title":{"rendered":""},"content":{"rendered":"<p><strong><em><span style=\"font-size: medium;\"><span style=\"font-family: 'Times New Roman';\"><strong><em>Aimez tous les humains comme des fr\u00e8res<br \/>\nFormez un peuple unique sur la terre<br \/>\n<\/em><\/strong><br \/>\n<\/span><\/span><\/em><\/strong><span style=\"font-size: medium;\"><span style=\"font-family: 'Times New Roman';\">Vous serez mes disciples <\/span><\/span><span style=\"font-size: medium;\"><span style=\"font-family: 'Times New Roman';\"><br \/>\nSi vous aimez vos fr\u00e8res<br \/>\nAu del\u00e0 des apparences<br \/>\nDes couleurs des fronti\u00e8res<br \/>\nVous serez mes t\u00e9moins<br \/>\nSi vous donnez \u00e0 ceux<br \/>\nQui sont dans le besoin<br \/>\nPerdus et mis\u00e9reux<\/p>\n<p>Vous serez mes disciples<br \/>\nSi vous prenez la Croix<br \/>\nPour me suivre sur la route<br \/>\nD\u2019un monde en d\u00e9sarroi<br \/>\nVous serez mes t\u00e9moins<br \/>\nSi vous vivez de moi<br \/>\nJe suis la v\u00e9rit\u00e9<br \/>\nLa vie la seule voie<\/p>\n<p>Vous serez mes disciples<br \/>\nSi vous offrez l\u2019Amour<br \/>\nQue j\u2019ai eu pour ce monde<br \/>\nJusqu\u2019\u00e0 la fin des jours<br \/>\nVous serez mes t\u00e9moins<br \/>\nSi vous donnez la vie<br \/>\nComme j\u2019ai donn\u00e9 aux hommes<br \/>\nMon sang mon dernier cri<\/p>\n<p>Vous \u00eates mes disciples<br \/>\nSi vous aimez mon P\u00e8re<br \/>\nSi l\u2019Esprit Saint vous guide<br \/>\nDans le vent la pri\u00e8re<br \/>\nVous \u00eates mes t\u00e9moins<br \/>\nLorsque vous appliquez<br \/>\nTous mes commandements<br \/>\n<\/span><\/span><span style=\"font-size: medium;\"><span style=\"font-family: 'Times New Roman';\"> Dans l\u2019Amour et la Paix<\/span><\/span><strong><span style=\"font-size: medium;\"><\/span><em><span style=\"font-size: medium;\"><span style=\"font-family: 'Times New Roman';\"><br \/>\n<\/span><\/span> <\/em><\/strong><\/p>\n<p><span style=\"color: #ffffff;\"><strong><em>..<\/em><\/strong><\/span><\/p>\n<p><span style=\"color: #ffffff;\"><strong><em><a href=\"https:\/\/www.associationdemarie.org\/blog\/wp-content\/uploads\/2011\/09\/images.jpeg\"><img loading=\"lazy\" decoding=\"async\" class=\"alignleft size-full wp-image-4126\" title=\"images\" src=\"https:\/\/www.associationdemarie.org\/blog\/wp-content\/uploads\/2011\/09\/images.jpeg\" alt=\"\" width=\"48\" height=\"48\" \/><\/a>.<\/em><\/strong><\/span><\/p>\n<p><span style=\"color: #ffffff;\"><strong><em><a href=\"https:\/\/www.associationdemarie.org\/blog\/wp-content\/uploads\/2011\/09\/Chant-\u00e0-Marie-3.mp3\">Chant \u00e0 Marie <\/a><\/em><\/strong><\/span><\/p>\n<p><span style=\"color: #ffffff;\"><strong><em>.<\/em><\/strong><\/span><\/p>\n<p><span style=\"color: #ffffff;\"><strong><em>.<\/em><\/strong><\/span><\/p>\n","protected":false},"excerpt":{"rendered":"<p>Aimez tous les humains comme des fr\u00e8res Formez un peuple unique sur la terre Vous serez mes disciples Si vous aimez vos fr\u00e8res Au del\u00e0 des apparences Des couleurs des fronti\u00e8res Vous serez mes t\u00e9moins Si vous donnez \u00e0 ceux Qui sont dans le besoin Perdus et mis\u00e9reux Vous serez mes disciples Si vous prenez [&hellip;]<\/p>\n","protected":false},"author":2,"featured_media":0,"comment_status":"closed","ping_status":"closed","sticky":false,"template":"","format":"standard","meta":{"footnotes":""},"categories":[27],"tags":[199,305,437],"class_list":["post-4148","post","type-post","status-publish","format-standard","hentry","category-prieres","tag-chant","tag-disciples","tag-freres"],"_links":{"self":[{"href":"https:\/\/www.associationdemarie.org\/blog\/wp-json\/wp\/v2\/posts\/4148","targetHints":{"allow":["GET"]}}],"collection":[{"href":"https:\/\/www.associationdemarie.org\/blog\/wp-json\/wp\/v2\/posts"}],"about":[{"href":"https:\/\/www.associationdemarie.org\/blog\/wp-json\/wp\/v2\/types\/post"}],"author":[{"embeddable":true,"href":"https:\/\/www.associationdemarie.org\/blog\/wp-json\/wp\/v2\/users\/2"}],"replies":[{"embeddable":true,"href":"https:\/\/www.associationdemarie.org\/blog\/wp-json\/wp\/v2\/comments?post=4148"}],"version-history":[{"count":0,"href":"https:\/\/www.associationdemarie.org\/blog\/wp-json\/wp\/v2\/posts\/4148\/revisions"}],"wp:attachment":[{"href":"https:\/\/www.associationdemarie.org\/blog\/wp-json\/wp\/v2\/media?parent=4148"}],"wp:term":[{"taxonomy":"category","embeddable":true,"href":"https:\/\/www.associationdemarie.org\/blog\/wp-json\/wp\/v2\/categories?post=4148"},{"taxonomy":"post_tag","embeddable":true,"href":"https:\/\/www.associationdemarie.org\/blog\/wp-json\/wp\/v2\/tags?post=4148"}],"curies":[{"name":"wp","href":"https:\/\/api.w.org\/{rel}","templated":true}]}}