{"id":4018,"date":"2011-09-14T12:16:59","date_gmt":"2011-09-14T12:16:59","guid":{"rendered":"http:\/\/preprod.meltem-int.com\/marie\/blog\/?p=4018"},"modified":"2011-09-14T12:16:59","modified_gmt":"2011-09-14T12:16:59","slug":"4018","status":"publish","type":"post","link":"https:\/\/www.associationdemarie.org\/blog\/4018\/","title":{"rendered":""},"content":{"rendered":"<h3><strong><a href=\"https:\/\/www.associationdemarie.org\/blog\/wp-content\/uploads\/2011\/09\/eternit\u00e9.jpg\"><img loading=\"lazy\" decoding=\"async\" class=\"size-medium wp-image-4020 alignleft\" title=\"eternit\u00e9\" src=\"https:\/\/www.associationdemarie.org\/blog\/wp-content\/uploads\/2011\/09\/eternit\u00e9-55x300.jpg\" alt=\"\" width=\"55\" height=\"300\" srcset=\"https:\/\/www.associationdemarie.org\/blog\/wp-content\/uploads\/2011\/09\/eternit\u00e9-55x300.jpg 55w, https:\/\/www.associationdemarie.org\/blog\/wp-content\/uploads\/2011\/09\/eternit\u00e9.jpg 98w\" sizes=\"auto, (max-width: 55px) 100vw, 55px\" \/><\/a>La maman de M. Roger Emanuel a rejoint la Maison du p\u00e8re en ce jour de f\u00eate de la Sainte Croix.<\/strong><\/h3>\n<h3><strong>Nos pens\u00e9es et nos pri\u00e8res accompagnent M. Andr\u00e9 Emanuel, son fils ainsi que toute sa famille.<\/strong><\/h3>\n<p><span style=\"color: #ffffff;\">.<\/span><\/p>\n<p><span style=\"font-family: 'Times New Roman', Times, serif; font-size: x-small;\"><em><span style=\"font-size: large;\"><span style=\"font-family: 'Times New Roman';\"><em>L&rsquo;Esprit\u2026<\/em><\/span><\/span><\/em><\/span><\/p>\n<p><em><em> <\/em><em> <\/em>Au-dessus de la Terre \u00e9l\u00e8ve tes pens\u00e9es : ce globe n&rsquo;est qu&rsquo;un marchepied pour monter plus haut\u2026<\/em><\/p>\n<p><em>M\u00e9dite et prie !<br \/>\nLa pri\u00e8re ardente est une flamme, une radiation de l&rsquo;\u00e2me qui dissipe les brumes, \u00e9claire le chemin, montre le but\u2026<\/em><\/p>\n<p><em> <\/em><\/p>\n<p><em>M\u00e9dite et prie !<br \/>\nEt si tu sais prier, tu obtiendras la vision, la compr\u00e9hension de la beaut\u00e9 du Monde, de la splendeur de l&rsquo;Univers ; tu verras la voie immense d&rsquo;ascension qui conduit les \u00e2mes d&rsquo;\u00e9tapes en \u00e9tapes, vers la sagesse\u2026 la paix sereine\u2026 la lumi\u00e8re divine\u2026<\/em><\/p>\n<p><em> <\/em><\/p>\n<p>&nbsp;<\/p>\n<p><em> <\/em><\/p>\n<p><em> <\/em><\/p>\n<p><em>et tu remercieras Dieu !\u2026<\/em><em> <\/em><strong><em><br \/>\n<\/em><\/strong><\/p>\n<p><span style=\"font-family: 'Times New Roman', Times, serif; font-size: small; color: #ffffff;\">.<\/span><\/p>\n<p><span style=\"font-family: 'Times New Roman', Times, serif; font-size: small; color: #ffffff;\">.<\/span><\/p>\n","protected":false},"excerpt":{"rendered":"<p>La maman de M. Roger Emanuel a rejoint la Maison du p\u00e8re en ce jour de f\u00eate de la Sainte Croix. Nos pens\u00e9es et nos pri\u00e8res accompagnent M. Andr\u00e9 Emanuel, son fils ainsi que toute sa famille. . L&rsquo;Esprit\u2026 Au-dessus de la Terre \u00e9l\u00e8ve tes pens\u00e9es : ce globe n&rsquo;est qu&rsquo;un marchepied pour monter plus [&hellip;]<\/p>\n","protected":false},"author":2,"featured_media":0,"comment_status":"closed","ping_status":"closed","sticky":false,"template":"","format":"standard","meta":{"footnotes":""},"categories":[2],"tags":[39,283,291,1385],"class_list":["post-4018","post","type-post","status-publish","format-standard","hentry","category-actualites","tag-actualite","tag-defunts","tag-deuil","tag-messager"],"_links":{"self":[{"href":"https:\/\/www.associationdemarie.org\/blog\/wp-json\/wp\/v2\/posts\/4018","targetHints":{"allow":["GET"]}}],"collection":[{"href":"https:\/\/www.associationdemarie.org\/blog\/wp-json\/wp\/v2\/posts"}],"about":[{"href":"https:\/\/www.associationdemarie.org\/blog\/wp-json\/wp\/v2\/types\/post"}],"author":[{"embeddable":true,"href":"https:\/\/www.associationdemarie.org\/blog\/wp-json\/wp\/v2\/users\/2"}],"replies":[{"embeddable":true,"href":"https:\/\/www.associationdemarie.org\/blog\/wp-json\/wp\/v2\/comments?post=4018"}],"version-history":[{"count":0,"href":"https:\/\/www.associationdemarie.org\/blog\/wp-json\/wp\/v2\/posts\/4018\/revisions"}],"wp:attachment":[{"href":"https:\/\/www.associationdemarie.org\/blog\/wp-json\/wp\/v2\/media?parent=4018"}],"wp:term":[{"taxonomy":"category","embeddable":true,"href":"https:\/\/www.associationdemarie.org\/blog\/wp-json\/wp\/v2\/categories?post=4018"},{"taxonomy":"post_tag","embeddable":true,"href":"https:\/\/www.associationdemarie.org\/blog\/wp-json\/wp\/v2\/tags?post=4018"}],"curies":[{"name":"wp","href":"https:\/\/api.w.org\/{rel}","templated":true}]}}