{"id":3984,"date":"2011-09-30T01:41:22","date_gmt":"2011-09-30T01:41:22","guid":{"rendered":"http:\/\/preprod.meltem-int.com\/marie\/blog\/?p=3984"},"modified":"2011-09-30T01:41:22","modified_gmt":"2011-09-30T01:41:22","slug":"intentions-de-prieres-de-benoit-16-3","status":"publish","type":"post","link":"https:\/\/www.associationdemarie.org\/blog\/intentions-de-prieres-de-benoit-16-3\/","title":{"rendered":"Intentions de pri\u00e8res de Beno\u00eet 16"},"content":{"rendered":"<p style=\"text-align: center;\"><strong><a href=\"https:\/\/www.associationdemarie.org\/blog\/wp-content\/uploads\/2011\/09\/benoit_16.jpg\"><img loading=\"lazy\" decoding=\"async\" class=\"size-medium wp-image-3985 aligncenter\" title=\"BENO\u00c3?T XVI CONDAMNE LA &quot;FOLIE&quot; DU MARIAGE HOMOSEXUEL\" src=\"https:\/\/www.associationdemarie.org\/blog\/wp-content\/uploads\/2011\/09\/benoit_16-300x204.jpg\" alt=\"\" width=\"300\" height=\"204\" srcset=\"https:\/\/www.associationdemarie.org\/blog\/wp-content\/uploads\/2011\/09\/benoit_16-300x204.jpg 300w, https:\/\/www.associationdemarie.org\/blog\/wp-content\/uploads\/2011\/09\/benoit_16.jpg 420w\" sizes=\"auto, (max-width: 300px) 100vw, 300px\" \/><\/a>OCTOBRE 2011<\/strong><\/p>\n<p><strong>Universelle &#8211; Les malades en fin de vie.<br \/>\n<\/strong>Pour les malades en fin de vie, afin qu&rsquo;ils soient soutenus dans leurs souffrances par la foi en Dieu et\u00a0par l&rsquo;amour de leurs fr\u00e8res.<\/p>\n<p><strong>Missionnaire &#8211; La Journ\u00e9e Missionnaire Mondiale.<br \/>\n<\/strong>Pour que la c\u00e9l\u00e9bration de la Journ\u00e9e Missionnaire Mondiale accroisse dans le peuple de Dieu la\u00a0passion de l&rsquo;\u00e9vang\u00e9lisation et le soutien de l&rsquo;activit\u00e9 missionnaire par la pri\u00e8re et l&rsquo;aide \u00e9conomique\u00a0aux Eglises les plus pauvres.<\/p>\n<p>&nbsp;<\/p>\n","protected":false},"excerpt":{"rendered":"<p>OCTOBRE 2011 Universelle &#8211; Les malades en fin de vie. Pour les malades en fin de vie, afin qu&rsquo;ils soient soutenus dans leurs souffrances par la foi en Dieu et\u00a0par l&rsquo;amour de leurs fr\u00e8res. Missionnaire &#8211; La Journ\u00e9e Missionnaire Mondiale. Pour que la c\u00e9l\u00e9bration de la Journ\u00e9e Missionnaire Mondiale accroisse dans le peuple de Dieu [&hellip;]<\/p>\n","protected":false},"author":2,"featured_media":0,"comment_status":"closed","ping_status":"closed","sticky":false,"template":"","format":"standard","meta":{"footnotes":""},"categories":[2,14],"tags":[142,505,621,679,997],"class_list":["post-3984","post","type-post","status-publish","format-standard","hentry","category-actualites","category-groupe-prieres","tag-benoit-16","tag-intentions-de-prieres","tag-malades","tag-mission","tag-souffrance"],"_links":{"self":[{"href":"https:\/\/www.associationdemarie.org\/blog\/wp-json\/wp\/v2\/posts\/3984","targetHints":{"allow":["GET"]}}],"collection":[{"href":"https:\/\/www.associationdemarie.org\/blog\/wp-json\/wp\/v2\/posts"}],"about":[{"href":"https:\/\/www.associationdemarie.org\/blog\/wp-json\/wp\/v2\/types\/post"}],"author":[{"embeddable":true,"href":"https:\/\/www.associationdemarie.org\/blog\/wp-json\/wp\/v2\/users\/2"}],"replies":[{"embeddable":true,"href":"https:\/\/www.associationdemarie.org\/blog\/wp-json\/wp\/v2\/comments?post=3984"}],"version-history":[{"count":0,"href":"https:\/\/www.associationdemarie.org\/blog\/wp-json\/wp\/v2\/posts\/3984\/revisions"}],"wp:attachment":[{"href":"https:\/\/www.associationdemarie.org\/blog\/wp-json\/wp\/v2\/media?parent=3984"}],"wp:term":[{"taxonomy":"category","embeddable":true,"href":"https:\/\/www.associationdemarie.org\/blog\/wp-json\/wp\/v2\/categories?post=3984"},{"taxonomy":"post_tag","embeddable":true,"href":"https:\/\/www.associationdemarie.org\/blog\/wp-json\/wp\/v2\/tags?post=3984"}],"curies":[{"name":"wp","href":"https:\/\/api.w.org\/{rel}","templated":true}]}}