{"id":3909,"date":"2011-09-09T01:54:49","date_gmt":"2011-09-09T01:54:49","guid":{"rendered":"http:\/\/preprod.meltem-int.com\/marie\/blog\/?p=3909"},"modified":"2011-09-09T01:54:49","modified_gmt":"2011-09-09T01:54:49","slug":"la-vierge-marie-qui-a-fait-lever-sur-le-monde-lesperance-et-laurore-du-salut-priere-apres-la-communion","status":"publish","type":"post","link":"https:\/\/www.associationdemarie.org\/blog\/la-vierge-marie-qui-a-fait-lever-sur-le-monde-lesperance-et-laurore-du-salut-priere-apres-la-communion\/","title":{"rendered":"\u00ab La Vierge Marie qui a fait lever sur le monde l&rsquo;esp\u00e9rance et l&rsquo;aurore du salut \u00bb (Pri\u00e8re apr\u00e8s la communion)"},"content":{"rendered":"<p style=\"text-align: center;\"><a href=\"https:\/\/www.associationdemarie.org\/blog\/wp-content\/uploads\/2011\/08\/Marie.jpg\"><img loading=\"lazy\" decoding=\"async\" class=\"size-full wp-image-3910 aligncenter\" title=\"Marie\" src=\"https:\/\/www.associationdemarie.org\/blog\/wp-content\/uploads\/2011\/08\/Marie.jpg\" alt=\"\" width=\"258\" height=\"315\" srcset=\"https:\/\/www.associationdemarie.org\/blog\/wp-content\/uploads\/2011\/08\/Marie.jpg 258w, https:\/\/www.associationdemarie.org\/blog\/wp-content\/uploads\/2011\/08\/Marie-245x300.jpg 245w\" sizes=\"auto, (max-width: 258px) 100vw, 258px\" \/><\/a><\/p>\n<p style=\"text-align: left;\">&nbsp;<\/p>\n<p style=\"text-align: left;\">\u00ab Qui est celle-ci ? \u00bb demande l&rsquo;Esprit Saint lorsque Marie vient au monde. \u00ab Qui est celle qui s&rsquo;avance ? Elle surgit comme l&rsquo;aurore, elle est belle comme la lune, resplendissante comme le soleil \u00bb (Ct 6,10)&#8230;<\/p>\n<p>\u00ab Elle surgit comme l&rsquo;aurore. \u00bb Dans l&rsquo;\u00e9clat de midi, notre premier p\u00e8re a \u00e9t\u00e9 fait \u00e0 l&rsquo;image et \u00e0 la ressemblance de son Cr\u00e9ateur (Gn 1,26). Quoi de plus glorieux pour le cr\u00e9\u00e9 que de ressembler au Cr\u00e9ateur ?&#8230; Il lui a donn\u00e9 l&rsquo;image \u00e9ternelle ; la ressemblance \u00e9tait \u00e0 faire : il fallait que l&rsquo;homme devienne semblable \u00e0 son Cr\u00e9ateur. Lui pourtant a rejet\u00e9 l&rsquo;honneur d&rsquo;un tel privil\u00e8ge&#8230;, se vouant \u00e0 la mort, avec toute sa descendance, dans les t\u00e9n\u00e8bres. Les t\u00e9n\u00e8bres recouvraient toute la terre (cf Gn 1,2), jusqu&rsquo;\u00e0 ce que vienne la Vierge. Il n&rsquo;y avait personne pour sortir de ces t\u00e9n\u00e8bres, personne pour les dissiper&#8230; Mais avec la Vierge surgit l&rsquo;aurore : Marie annonce la vraie lumi\u00e8re ; par sa nativit\u00e9 elle fait luire le plus resplendissant des matins. Elle est l&rsquo;\u00e9toile du matin&#8230; Elle est cette aurore que suit \u2013- ou plut\u00f4t de laquelle na\u00eet \u2013- le Soleil de justice (Ml 3,20), qui seul la surpasse de splendeur&#8230;<\/p>\n<p>\u00ab A toi, Seigneur, le jour \u00bb o\u00f9 Adam a \u00e9t\u00e9 cr\u00e9\u00e9 ; \u00ab \u00e0 toi la nuit \u00bb (Ps 73,16) o\u00f9 il a \u00e9t\u00e9 chass\u00e9 de ta lumi\u00e8re. C&rsquo;est toi qui a cr\u00e9\u00e9 l&rsquo;aurore, c&rsquo;est-\u00e0-dire la Vierge Marie, et le Soleil, ce Soleil de justice qui s&rsquo;est lev\u00e9 de son sein virginal. Comme l&rsquo;aurore annonce la fin de la nuit et marque le commencement du jour, ainsi la Vierge a mis en fuite la nuit sans fin. Et jour apr\u00e8s jour, elle donne \u00e0 la terre celui qui a germ\u00e9 de sa virginit\u00e9.<\/p>\n<p><em>Saint Pierre Damien (1007-1072), ermite puis \u00e9v\u00eaque, docteur de l&rsquo;\u00c9glise<\/em><\/p>\n<p><span style=\"color: #ffffff;\"><em>.<\/em><\/span><\/p>\n<p><span style=\"color: #ffffff;\"><em>.<\/em><\/span><\/p>\n","protected":false},"excerpt":{"rendered":"<p>&nbsp; \u00ab Qui est celle-ci ? \u00bb demande l&rsquo;Esprit Saint lorsque Marie vient au monde. \u00ab Qui est celle qui s&rsquo;avance ? Elle surgit comme l&rsquo;aurore, elle est belle comme la lune, resplendissante comme le soleil \u00bb (Ct 6,10)&#8230; \u00ab Elle surgit comme l&rsquo;aurore. \u00bb Dans l&rsquo;\u00e9clat de midi, notre premier p\u00e8re a \u00e9t\u00e9 fait [&hellip;]<\/p>\n","protected":false},"author":2,"featured_media":0,"comment_status":"closed","ping_status":"closed","sticky":false,"template":"","format":"standard","meta":{"footnotes":""},"categories":[3,13,22,27],"tags":[119,378,448,602,636,830,992,1073],"class_list":["post-3909","post","type-post","status-publish","format-standard","hentry","category-liturgique","category-ecritures","category-neuvaine-a-marie","category-prieres","tag-aurore","tag-esprit-saint","tag-genese","tag-lune","tag-marie","tag-priere","tag-soleil","tag-st-pierre-damien"],"_links":{"self":[{"href":"https:\/\/www.associationdemarie.org\/blog\/wp-json\/wp\/v2\/posts\/3909","targetHints":{"allow":["GET"]}}],"collection":[{"href":"https:\/\/www.associationdemarie.org\/blog\/wp-json\/wp\/v2\/posts"}],"about":[{"href":"https:\/\/www.associationdemarie.org\/blog\/wp-json\/wp\/v2\/types\/post"}],"author":[{"embeddable":true,"href":"https:\/\/www.associationdemarie.org\/blog\/wp-json\/wp\/v2\/users\/2"}],"replies":[{"embeddable":true,"href":"https:\/\/www.associationdemarie.org\/blog\/wp-json\/wp\/v2\/comments?post=3909"}],"version-history":[{"count":0,"href":"https:\/\/www.associationdemarie.org\/blog\/wp-json\/wp\/v2\/posts\/3909\/revisions"}],"wp:attachment":[{"href":"https:\/\/www.associationdemarie.org\/blog\/wp-json\/wp\/v2\/media?parent=3909"}],"wp:term":[{"taxonomy":"category","embeddable":true,"href":"https:\/\/www.associationdemarie.org\/blog\/wp-json\/wp\/v2\/categories?post=3909"},{"taxonomy":"post_tag","embeddable":true,"href":"https:\/\/www.associationdemarie.org\/blog\/wp-json\/wp\/v2\/tags?post=3909"}],"curies":[{"name":"wp","href":"https:\/\/api.w.org\/{rel}","templated":true}]}}