{"id":3894,"date":"2011-09-01T01:04:31","date_gmt":"2011-09-01T01:04:31","guid":{"rendered":"http:\/\/preprod.meltem-int.com\/marie\/blog\/?p=3894"},"modified":"2011-09-01T01:04:31","modified_gmt":"2011-09-01T01:04:31","slug":"priere-du-coeur","status":"publish","type":"post","link":"https:\/\/www.associationdemarie.org\/blog\/priere-du-coeur\/","title":{"rendered":"Pri\u00e8re du coeur"},"content":{"rendered":"<p><a href=\"https:\/\/www.associationdemarie.org\/blog\/wp-content\/uploads\/2011\/08\/Pri\u00e8re-du-coeur.jpg\"><img loading=\"lazy\" decoding=\"async\" class=\"aligncenter size-full wp-image-3895\" title=\"Pri\u00e8re du coeur\" src=\"https:\/\/www.associationdemarie.org\/blog\/wp-content\/uploads\/2011\/08\/Pri\u00e8re-du-coeur.jpg\" alt=\"\" width=\"280\" height=\"309\" srcset=\"https:\/\/www.associationdemarie.org\/blog\/wp-content\/uploads\/2011\/08\/Pri\u00e8re-du-coeur.jpg 280w, https:\/\/www.associationdemarie.org\/blog\/wp-content\/uploads\/2011\/08\/Pri\u00e8re-du-coeur-271x300.jpg 271w\" sizes=\"auto, (max-width: 280px) 100vw, 280px\" \/><\/a><\/p>\n<p>Mon Fils, moi-m\u00eame, la Sainte Trinit\u00e9, il faut la prier tous les jours. Il faut Lui apporter l\u2019offrande de votre coeur, de votre \u00e2me. Et une pri\u00e8re, ce n\u2019est pas la longueur, c\u2019est le fond, c\u2019est le coeur, la puissance de cet amour qui sort de votre coeur, qui va apporter l\u2019aide \u00e0 mon Fils. Car mon Fils continue \u00e0 porter la Croix, cette Croix que l\u2019homme Lui a inflig\u00e9e au d\u00e9part, et que vous continuez \u00e0 lui infliger.<\/p>\n<p>Marie M\u00e8re des hommes &#8211; ao\u00fbt 2011<\/p>\n<p><span style=\"color: #ffffff;\">.<\/span><\/p>\n<p><span style=\"color: #ffffff;\">.<\/span><\/p>\n","protected":false},"excerpt":{"rendered":"<p>Mon Fils, moi-m\u00eame, la Sainte Trinit\u00e9, il faut la prier tous les jours. Il faut Lui apporter l\u2019offrande de votre coeur, de votre \u00e2me. Et une pri\u00e8re, ce n\u2019est pas la longueur, c\u2019est le fond, c\u2019est le coeur, la puissance de cet amour qui sort de votre coeur, qui va apporter l\u2019aide \u00e0 mon Fils. [&hellip;]<\/p>\n","protected":false},"author":2,"featured_media":0,"comment_status":"closed","ping_status":"closed","sticky":false,"template":"","format":"standard","meta":{"footnotes":""},"categories":[5,19,26,27],"tags":[274,413,640,830,939],"class_list":["post-3894","post","type-post","status-publish","format-standard","hentry","category-bulletin","category-messages","category-priere-des-ames","category-prieres","tag-croix","tag-fils","tag-marie-mere-des-hommes","tag-priere","tag-sainte-trinite"],"_links":{"self":[{"href":"https:\/\/www.associationdemarie.org\/blog\/wp-json\/wp\/v2\/posts\/3894","targetHints":{"allow":["GET"]}}],"collection":[{"href":"https:\/\/www.associationdemarie.org\/blog\/wp-json\/wp\/v2\/posts"}],"about":[{"href":"https:\/\/www.associationdemarie.org\/blog\/wp-json\/wp\/v2\/types\/post"}],"author":[{"embeddable":true,"href":"https:\/\/www.associationdemarie.org\/blog\/wp-json\/wp\/v2\/users\/2"}],"replies":[{"embeddable":true,"href":"https:\/\/www.associationdemarie.org\/blog\/wp-json\/wp\/v2\/comments?post=3894"}],"version-history":[{"count":0,"href":"https:\/\/www.associationdemarie.org\/blog\/wp-json\/wp\/v2\/posts\/3894\/revisions"}],"wp:attachment":[{"href":"https:\/\/www.associationdemarie.org\/blog\/wp-json\/wp\/v2\/media?parent=3894"}],"wp:term":[{"taxonomy":"category","embeddable":true,"href":"https:\/\/www.associationdemarie.org\/blog\/wp-json\/wp\/v2\/categories?post=3894"},{"taxonomy":"post_tag","embeddable":true,"href":"https:\/\/www.associationdemarie.org\/blog\/wp-json\/wp\/v2\/tags?post=3894"}],"curies":[{"name":"wp","href":"https:\/\/api.w.org\/{rel}","templated":true}]}}