{"id":3890,"date":"2011-08-24T13:00:42","date_gmt":"2011-08-24T13:00:42","guid":{"rendered":"http:\/\/preprod.meltem-int.com\/marie\/blog\/?p=3890"},"modified":"2011-08-24T13:00:42","modified_gmt":"2011-08-24T13:00:42","slug":"bilan-jmj","status":"publish","type":"post","link":"https:\/\/www.associationdemarie.org\/blog\/bilan-jmj\/","title":{"rendered":"Bilan JMJ"},"content":{"rendered":"<p>Les Journ\u00e9es mondiales de la jeunesse (JMJ) de Madrid (15-21 ao\u00fbt), riches en \u00ab\u00a0enthousiasme\u00a0\u00bb, ont \u00e9t\u00e9 un \u00ab\u00a0don pr\u00e9cieux qui donne de l\u2019espoir pour l\u2019avenir de l\u2019Eglise\u00a0\u00bb, a affirm\u00e9 le pape Beno\u00eet XVI aujourd&rsquo;hui lors de son audience g\u00e9n\u00e9rale \u00e0 Castel Gandolfo.<\/p>\n<p>Pour Beno\u00eet XVI, ces JMJ auxquelles ont particip\u00e9 pr\u00e8s de deux millions de jeunes ont \u00e9t\u00e9 \u00ab\u00a0un \u00e9v\u00e9nement eccl\u00e9sial \u00e9mouvant\u00a0\u00bb, \u00ab\u00a0une vraie cascade de lumi\u00e8re\u00a0\u00bb. \u00ab\u00a0Je remercie Dieu pour ce don pr\u00e9cieux qui donne de l\u2019espoir pour l\u2019avenir de l\u2019Eglise\u00a0\u00bb, a ajout\u00e9 le pape.<\/p>\n<p><a href=\"https:\/\/www.associationdemarie.org\/blog\/wp-content\/uploads\/2011\/08\/JMJ-2011.jpg\"><img loading=\"lazy\" decoding=\"async\" class=\"aligncenter size-full wp-image-3891\" title=\"JMJ-2011\" src=\"https:\/\/www.associationdemarie.org\/blog\/wp-content\/uploads\/2011\/08\/JMJ-2011.jpg\" alt=\"\" width=\"475\" height=\"183\" srcset=\"https:\/\/www.associationdemarie.org\/blog\/wp-content\/uploads\/2011\/08\/JMJ-2011.jpg 475w, https:\/\/www.associationdemarie.org\/blog\/wp-content\/uploads\/2011\/08\/JMJ-2011-300x115.jpg 300w\" sizes=\"auto, (max-width: 475px) 100vw, 475px\" \/><\/a><\/p>\n","protected":false},"excerpt":{"rendered":"<p>Les Journ\u00e9es mondiales de la jeunesse (JMJ) de Madrid (15-21 ao\u00fbt), riches en \u00ab\u00a0enthousiasme\u00a0\u00bb, ont \u00e9t\u00e9 un \u00ab\u00a0don pr\u00e9cieux qui donne de l\u2019espoir pour l\u2019avenir de l\u2019Eglise\u00a0\u00bb, a affirm\u00e9 le pape Beno\u00eet XVI aujourd&rsquo;hui lors de son audience g\u00e9n\u00e9rale \u00e0 Castel Gandolfo. Pour Beno\u00eet XVI, ces JMJ auxquelles ont particip\u00e9 pr\u00e8s de deux millions de [&hellip;]<\/p>\n","protected":false},"author":2,"featured_media":0,"comment_status":"closed","ping_status":"closed","sticky":false,"template":"","format":"standard","meta":{"footnotes":""},"categories":[2],"tags":[142,187,336,541,607],"class_list":["post-3890","post","type-post","status-publish","format-standard","hentry","category-actualites","tag-benoit-16","tag-castel-gondolfo","tag-eglise","tag-jeunesse","tag-madrid"],"_links":{"self":[{"href":"https:\/\/www.associationdemarie.org\/blog\/wp-json\/wp\/v2\/posts\/3890","targetHints":{"allow":["GET"]}}],"collection":[{"href":"https:\/\/www.associationdemarie.org\/blog\/wp-json\/wp\/v2\/posts"}],"about":[{"href":"https:\/\/www.associationdemarie.org\/blog\/wp-json\/wp\/v2\/types\/post"}],"author":[{"embeddable":true,"href":"https:\/\/www.associationdemarie.org\/blog\/wp-json\/wp\/v2\/users\/2"}],"replies":[{"embeddable":true,"href":"https:\/\/www.associationdemarie.org\/blog\/wp-json\/wp\/v2\/comments?post=3890"}],"version-history":[{"count":0,"href":"https:\/\/www.associationdemarie.org\/blog\/wp-json\/wp\/v2\/posts\/3890\/revisions"}],"wp:attachment":[{"href":"https:\/\/www.associationdemarie.org\/blog\/wp-json\/wp\/v2\/media?parent=3890"}],"wp:term":[{"taxonomy":"category","embeddable":true,"href":"https:\/\/www.associationdemarie.org\/blog\/wp-json\/wp\/v2\/categories?post=3890"},{"taxonomy":"post_tag","embeddable":true,"href":"https:\/\/www.associationdemarie.org\/blog\/wp-json\/wp\/v2\/tags?post=3890"}],"curies":[{"name":"wp","href":"https:\/\/api.w.org\/{rel}","templated":true}]}}