{"id":3878,"date":"2011-09-08T01:37:05","date_gmt":"2011-09-08T01:37:05","guid":{"rendered":"http:\/\/preprod.meltem-int.com\/marie\/blog\/?p=3878"},"modified":"2011-09-08T01:37:05","modified_gmt":"2011-09-08T01:37:05","slug":"nativite-de-notre-dame","status":"publish","type":"post","link":"https:\/\/www.associationdemarie.org\/blog\/nativite-de-notre-dame\/","title":{"rendered":"Nativit\u00e9 de Notre-Dame"},"content":{"rendered":"<h5>Les \u00e9vang\u00e9listes ne nous disent pas o\u00f9 est n\u00e9e Marie. On sait seulement qu\u2019elle \u00e9tait parente d\u2019Elisabeth qui habitait en Jud\u00e9e. Il n\u2019est donc pas impossible qu\u2019elle soit elle-m\u00eame originaire de J\u00e9rusalem comme le veut une antique tradition dont on trouve trace dans l\u2019\u00e9vangile apocryphe de Jacques, qui nous parle des parents de la Vierge, Joachim et Anne. Il existait \u00e9galement et tr\u00e8s anciennement, \u00e0 J\u00e9rusalem, une maison appell\u00e9e \u00ab\u00a0la Maison d\u2019Anne.\u00a0\u00bb Pr\u00e8s de cette maison fut \u00e9rig\u00e9e une \u00e9glise dont la d\u00e9dicace eut lieu un 8 septembre.<\/p>\n<p>L\u2019anniversaire de cette d\u00e9dicace fut comm\u00e9mor\u00e9 chaque ann\u00e9e. La f\u00eate s\u2019\u00e9tendit \u00e0 Constantinople au 5\u00e8me si\u00e8cle puis en Occident. Plus tard, on lui adjoignit la f\u00eate de sa conception, neuf mois auparavant d\u2019o\u00f9 le 8 d\u00e9cembre. La\u00a0Nativit\u00e9\u00a0de Marie est une des grandes f\u00eates de l\u2019ann\u00e9e liturgique byzantine car elle inaugure l\u2019\u00e9conomie du salut et l\u2019inscription du Verbe de Dieu dans l\u2019histoire des hommes.<\/p>\n<p><a href=\"https:\/\/www.associationdemarie.org\/blog\/wp-content\/uploads\/2011\/09\/vitrail_N_D.jpg\"><img loading=\"lazy\" decoding=\"async\" class=\"aligncenter size-full wp-image-3880\" title=\"vitrail_N_D\" src=\"https:\/\/www.associationdemarie.org\/blog\/wp-content\/uploads\/2011\/09\/vitrail_N_D.jpg\" alt=\"\" width=\"180\" height=\"270\" \/><\/a><\/p>\n<h2><span style=\"color: #3366ff;\"><em>Aie piti\u00e9 de moi, p\u00e9cheur et viens \u00e0 mon aide, \u00f4 ma\u00a0Dame. Ta glorieuse naissance de la race d\u2019Abraham, de la tribu de Juda, de la souche de David, n\u2019a-t-elle pas apport\u00e9 la joie au monde entier\u00a0? Qu\u2019elle me remplisse aussi de joie et me purifie de tout p\u00e9ch\u00e9.<\/em><\/span><\/h2>\n<p><span style=\"color: #ffffff;\"><span><em>.<\/em><\/span><\/span><\/p>\n<p><span style=\"color: #ffffff;\"><span><em>.<\/em><\/span><\/span><\/h5>\n<p>&nbsp;<\/p>\n","protected":false},"excerpt":{"rendered":"<p>Les \u00e9vang\u00e9listes ne nous disent pas o\u00f9 est n\u00e9e Marie. On sait seulement qu\u2019elle \u00e9tait parente d\u2019Elisabeth qui habitait en Jud\u00e9e. Il n\u2019est donc pas impossible qu\u2019elle soit elle-m\u00eame originaire de J\u00e9rusalem comme le veut une antique tradition dont on trouve trace dans l\u2019\u00e9vangile apocryphe de Jacques, qui nous parle des parents de la Vierge, [&hellip;]<\/p>\n","protected":false},"author":2,"featured_media":0,"comment_status":"closed","ping_status":"closed","sticky":false,"template":"","format":"standard","meta":{"footnotes":""},"categories":[2,3,22,27],"tags":[32,282,636,708,1048,1086],"class_list":["post-3878","post","type-post","status-publish","format-standard","hentry","category-actualites","category-liturgique","category-neuvaine-a-marie","category-prieres","tag-abraham","tag-david","tag-marie","tag-nativite-de-marie","tag-st-joachim","tag-ste-anne"],"_links":{"self":[{"href":"https:\/\/www.associationdemarie.org\/blog\/wp-json\/wp\/v2\/posts\/3878","targetHints":{"allow":["GET"]}}],"collection":[{"href":"https:\/\/www.associationdemarie.org\/blog\/wp-json\/wp\/v2\/posts"}],"about":[{"href":"https:\/\/www.associationdemarie.org\/blog\/wp-json\/wp\/v2\/types\/post"}],"author":[{"embeddable":true,"href":"https:\/\/www.associationdemarie.org\/blog\/wp-json\/wp\/v2\/users\/2"}],"replies":[{"embeddable":true,"href":"https:\/\/www.associationdemarie.org\/blog\/wp-json\/wp\/v2\/comments?post=3878"}],"version-history":[{"count":0,"href":"https:\/\/www.associationdemarie.org\/blog\/wp-json\/wp\/v2\/posts\/3878\/revisions"}],"wp:attachment":[{"href":"https:\/\/www.associationdemarie.org\/blog\/wp-json\/wp\/v2\/media?parent=3878"}],"wp:term":[{"taxonomy":"category","embeddable":true,"href":"https:\/\/www.associationdemarie.org\/blog\/wp-json\/wp\/v2\/categories?post=3878"},{"taxonomy":"post_tag","embeddable":true,"href":"https:\/\/www.associationdemarie.org\/blog\/wp-json\/wp\/v2\/tags?post=3878"}],"curies":[{"name":"wp","href":"https:\/\/api.w.org\/{rel}","templated":true}]}}