{"id":3785,"date":"2011-08-20T01:11:21","date_gmt":"2011-08-20T01:11:21","guid":{"rendered":"http:\/\/preprod.meltem-int.com\/marie\/blog\/?p=3785"},"modified":"2011-08-20T01:11:21","modified_gmt":"2011-08-20T01:11:21","slug":"pas-de-conflit-entre-la-liberte-humaine-et-la-loi-divine-explique-benoit-xvi","status":"publish","type":"post","link":"https:\/\/www.associationdemarie.org\/blog\/pas-de-conflit-entre-la-liberte-humaine-et-la-loi-divine-explique-benoit-xvi\/","title":{"rendered":"Pas de conflit entre la libert\u00e9 humaine et la loi divine, explique Beno\u00eet XVI."},"content":{"rendered":"<p><a href=\"https:\/\/www.associationdemarie.org\/blog\/wp-content\/uploads\/2011\/08\/Pape.jpg\"><img loading=\"lazy\" decoding=\"async\" class=\"alignright size-full wp-image-3787\" title=\"Pape\" src=\"https:\/\/www.associationdemarie.org\/blog\/wp-content\/uploads\/2011\/08\/Pape.jpg\" alt=\"\" width=\"192\" height=\"190\" \/><\/a>ROME, Jeudi 27 avril 2006 (<a href=\"http:\/\/www.zenit.org\/\">ZENIT.org<\/a>) \u2013 Il n\u2019y a pas de conflit entre la libert\u00e9 humaine et la loi divine, explique Beno\u00eet XVI, pourfendant une opinion re\u00e7ue qui a la vie dure.<\/p>\n<p>Beno\u00eet XVI avait en effet re\u00e7u ce jour l\u00e0 au Vatican les membres de la Commission biblique pontificale, pr\u00e9sid\u00e9e par le cardinal Levada, \u00e0 l\u2019occasion de sa session pl\u00e9ni\u00e8re annuelle sur le th\u00e8me\u00a0: \u00ab\u00a0Bible et morale\u00a0\u00bb.<\/p>\n<p>Rappelons que le pape Ratzinger a lui-m\u00eame longtemps pr\u00e9sid\u00e9 cette commission en tant que pr\u00e9fet de la congr\u00e9gation pour la Doctrine de la Foi\u00a0: il en conna\u00eet personnellement tous les membres qu\u2019il a salu\u00e9s individuellement.<\/p>\n<p>En des termes qui rappelle saint Augustin, le pape a soulign\u00e9 que \u00ab\u00a0l\u2019aspiration primordiale de l\u2019homme est son d\u00e9sir de bonheur, d\u2019une vie r\u00e9ussie\u00a0\u00bb.<\/p>\n<p>\u00ab\u00a0Aujourd\u2019hui pourtant, faisait-il observer, nombreux sont ceux qui pensent que ce but doit \u00eatre atteint de fa\u00e7on autonome, sans la moindre r\u00e9f\u00e9rence \u00e0 Dieu et \u00e0 sa loi. Certains en sont venus \u00e0 d\u00e9fendre une absolue souverainet\u00e9 de la raison et de la libert\u00e9 en mati\u00e8re morale\u00a0\u00bb. Il s\u2019agirait alors d\u2019une \u00ab\u00a0\u00e9thique uniquement humaine\u00a0\u00bb.<\/p>\n<p>\u00ab\u00a0Les auteurs de cette morale dite \u2018la\u00efque\u2019 affirment que l\u2019homme, en tant qu\u2019\u00eatre rationnel, peut et doit d\u00e9cider librement de la qualit\u00e9 de ses comportements\u00a0\u00bb, relevait le pape.<\/p>\n<p>Mais il \u00e9pinglait cette \u00ab\u00a0conviction\u00a0\u00bb comme \u00ab\u00a0erron\u00e9e\u00a0\u00bb parce qu\u2019elle \u00ab\u00a0se fonde sur un soi-disant conflit entre libert\u00e9 humaine et toute forme de loi\u00a0\u00bb.<\/p>\n<p>Or, rectifiait le pape, \u00ab\u00a0la loi divine ne diminue ni n\u2019\u00e9limine la libert\u00e9 humaine\u00a0\u00bb. \u00ab\u00a0Au contraire, elle la garantit et la favorise\u00a0\u00bb, rench\u00e9rissait-il.<\/p>\n<p>\u00ab\u00a0La loi morale fix\u00e9e par Dieu dans la cr\u00e9ation et confirm\u00e9e dans la r\u00e9v\u00e9lation de l\u2019Ancien Testament trouve dans le Christ accomplissement et grandeur, d\u00e9clarait le pape. J\u00e9sus-Christ est la voie de la perfection, la synth\u00e8se vivante et personnelle de la libert\u00e9 parfaite, dans l\u2019ob\u00e9issance totale \u00e0 la volont\u00e9 de Dieu\u00a0\u00bb.<\/p>\n<p>De l\u2019enseignement de J\u00e9sus, le pape relevait tout particuli\u00e8rement cette exhortation\u00a0: \u00ab\u00a0Soyez donc parfaits comme votre P\u00e8re qui est aux cieux est parfait\u00a0\u00bb.<\/p>\n<p>Beno\u00eet XVI insistait sur le fait qu\u2019il ne s\u2019agit pas d\u2019une \u00ab\u00a0norme impos\u00e9e de l\u2019ext\u00e9rieur\u00a0\u00bb.<\/p>\n<p>\u00ab\u00a0La r\u00e9alit\u00e9 de l\u2019homme appara\u00eet d\u00e9finitivement dans le Verbe fait homme\u00a0\u00bb, qui a lui-m\u00eame parcouru ce chemin, expliquait le pape.<\/p>\n<p>Il concluait en affirmant que \u00ab\u00a0la relation avec le Christ d\u00e9finit la plus haute r\u00e9alisation du comportement moral de l\u2019homme\u00a0\u00bb, du chr\u00e9tien, un comportement inspir\u00e9 non par des \u00ab\u00a0normes ext\u00e9rieures\u00a0\u00bb mais venant d\u2019une \u00ab\u00a0relation vitale entre les chr\u00e9tiens et Dieu\u00a0\u00bb.<\/p>\n<p>&nbsp;<\/p>\n","protected":false},"excerpt":{"rendered":"<p>ROME, Jeudi 27 avril 2006 (ZENIT.org) \u2013 Il n\u2019y a pas de conflit entre la libert\u00e9 humaine et la loi divine, explique Beno\u00eet XVI, pourfendant une opinion re\u00e7ue qui a la vie dure. Beno\u00eet XVI avait en effet re\u00e7u ce jour l\u00e0 au Vatican les membres de la Commission biblique pontificale, pr\u00e9sid\u00e9e par le cardinal [&hellip;]<\/p>\n","protected":false},"author":2,"featured_media":0,"comment_status":"closed","ping_status":"closed","sticky":false,"template":"","format":"standard","meta":{"footnotes":""},"categories":[2,12],"tags":[142,242,591],"class_list":["post-3785","post","type-post","status-publish","format-standard","hentry","category-actualites","category-crise","tag-benoit-16","tag-commandement","tag-loi-divine"],"_links":{"self":[{"href":"https:\/\/www.associationdemarie.org\/blog\/wp-json\/wp\/v2\/posts\/3785","targetHints":{"allow":["GET"]}}],"collection":[{"href":"https:\/\/www.associationdemarie.org\/blog\/wp-json\/wp\/v2\/posts"}],"about":[{"href":"https:\/\/www.associationdemarie.org\/blog\/wp-json\/wp\/v2\/types\/post"}],"author":[{"embeddable":true,"href":"https:\/\/www.associationdemarie.org\/blog\/wp-json\/wp\/v2\/users\/2"}],"replies":[{"embeddable":true,"href":"https:\/\/www.associationdemarie.org\/blog\/wp-json\/wp\/v2\/comments?post=3785"}],"version-history":[{"count":0,"href":"https:\/\/www.associationdemarie.org\/blog\/wp-json\/wp\/v2\/posts\/3785\/revisions"}],"wp:attachment":[{"href":"https:\/\/www.associationdemarie.org\/blog\/wp-json\/wp\/v2\/media?parent=3785"}],"wp:term":[{"taxonomy":"category","embeddable":true,"href":"https:\/\/www.associationdemarie.org\/blog\/wp-json\/wp\/v2\/categories?post=3785"},{"taxonomy":"post_tag","embeddable":true,"href":"https:\/\/www.associationdemarie.org\/blog\/wp-json\/wp\/v2\/tags?post=3785"}],"curies":[{"name":"wp","href":"https:\/\/api.w.org\/{rel}","templated":true}]}}