{"id":3709,"date":"2011-08-06T01:54:05","date_gmt":"2011-08-06T01:54:05","guid":{"rendered":"http:\/\/preprod.meltem-int.com\/marie\/blog\/?p=3709"},"modified":"2011-08-06T01:54:05","modified_gmt":"2011-08-06T01:54:05","slug":"la-transfiguration","status":"publish","type":"post","link":"https:\/\/www.associationdemarie.org\/blog\/la-transfiguration\/","title":{"rendered":"La Transfiguration"},"content":{"rendered":"<p><a href=\"https:\/\/www.associationdemarie.org\/blog\/wp-content\/uploads\/2011\/07\/La-transfiguration-de-Jesus.png\"><img loading=\"lazy\" decoding=\"async\" class=\"aligncenter size-medium wp-image-3710\" title=\"La-transfiguration-de-Jesus\" src=\"https:\/\/www.associationdemarie.org\/blog\/wp-content\/uploads\/2011\/07\/La-transfiguration-de-Jesus-300x253.png\" alt=\"\" width=\"300\" height=\"253\" srcset=\"https:\/\/www.associationdemarie.org\/blog\/wp-content\/uploads\/2011\/07\/La-transfiguration-de-Jesus-300x253.png 300w, https:\/\/www.associationdemarie.org\/blog\/wp-content\/uploads\/2011\/07\/La-transfiguration-de-Jesus.png 450w\" sizes=\"auto, (max-width: 300px) 100vw, 300px\" \/><\/a><\/p>\n<p>Au moment de commencer sa mont\u00e9e vers sa Passion, J\u00e9sus prend avec lui Pierre, Jacques et Jean et les emm\u00e8ne sur une montagne, le mont Thabor selon la tradition. L\u00e0, il est transfigur\u00e9 devant eux et re\u00e7oit du P\u00e8re ce t\u00e9moignage: \u00ab\u00a0Celui-ci est mon Fils bien-aim\u00e9.\u00a0\u00bb Au jardin des Oliviers, au soir de son arrestation, ce sont les m\u00eames, Pierre, Jacques et Jean, que J\u00e9sus prendra avec lui. Ce n&rsquo;est pas une co\u00efncidence. Ceux qui allaient le voir d\u00e9figur\u00e9 (\u00ab\u00a0il n&rsquo;avait plus figure humaine\u00a0\u00bb avait annonc\u00e9 le proph\u00e8te Isa\u00efe) ce sont eux qui devaient, auparavant, l&rsquo;avoir vu transfigur\u00e9: le J\u00e9sus Fils de Dieu est le m\u00eame que le J\u00e9sus crucifi\u00e9. La f\u00eate de la Transfiguration est tr\u00e8s ancienne dans l&rsquo;Orient chr\u00e9tien. Elle fut tr\u00e8s t\u00f4t fix\u00e9e au 6 ao\u00fbt, en plein \u00e9t\u00e9. Au Xe si\u00e8cle, elle devint m\u00eame, par d\u00e9cision de l&#8217;empereur, f\u00eate ch\u00f4m\u00e9e dans tout l&#8217;empire byzantin. En Occident, apr\u00e8s avoir \u00e9t\u00e9 longtemps f\u00eate locale, elle fut constitu\u00e9e f\u00eate universelle apr\u00e8s la victoire qui stoppa l&rsquo;avance turque en 1456. La date liturgique de sa c\u00e9l\u00e9bration fut choisie d&rsquo;apr\u00e8s la pratique des \u00c9glises orientales. Avec le Bapt\u00eame du Christ, c&rsquo;est une f\u00eate de th\u00e9ophanie, c&rsquo;est-\u00e0-dire de manifestation du Christ comme Fils de Dieu. Elle est c\u00e9l\u00e9br\u00e9e en ce jour par l&rsquo;\u00c9glise d&rsquo;Occident et tous les Orientaux byzantins, syriens et coptes. L&rsquo;\u00c9glise arm\u00e9nienne la reporte au dimanche suivant.<br \/>\n<em>F\u00eate de la Transfiguration du Seigneur, qui c\u00e9l\u00e8bre le jour o\u00f9, sur le mont Thabor, le Christ J\u00e9sus, devant ses Ap\u00f4tres Pierre, Jacques et Jean, manifesta sa gloire de Fils bien-aim\u00e9 du P\u00e8re, en pr\u00e9sence de Mo\u00efse et d\u2019\u00c9lie apportant le t\u00e9moignage de la Loi et des Proph\u00e8tes.<\/em><\/p>\n<p><span style=\"color: #ffffff;\"><em>.<\/em><\/span><\/p>\n<p><em><br \/>\n<\/em><\/p>\n","protected":false},"excerpt":{"rendered":"<p>Au moment de commencer sa mont\u00e9e vers sa Passion, J\u00e9sus prend avec lui Pierre, Jacques et Jean et les emm\u00e8ne sur une montagne, le mont Thabor selon la tradition. L\u00e0, il est transfigur\u00e9 devant eux et re\u00e7oit du P\u00e8re ce t\u00e9moignage: \u00ab\u00a0Celui-ci est mon Fils bien-aim\u00e9.\u00a0\u00bb Au jardin des Oliviers, au soir de son arrestation, [&hellip;]<\/p>\n","protected":false},"author":2,"featured_media":0,"comment_status":"closed","ping_status":"closed","sticky":false,"template":"","format":"standard","meta":{"footnotes":""},"categories":[3,13],"tags":[342,514,521,683,777,805,1149],"class_list":["post-3709","post","type-post","status-publish","format-standard","hentry","category-liturgique","category-ecritures","tag-elie","tag-jacques","tag-jean","tag-moise","tag-passion","tag-pierre","tag-transfiguration"],"_links":{"self":[{"href":"https:\/\/www.associationdemarie.org\/blog\/wp-json\/wp\/v2\/posts\/3709","targetHints":{"allow":["GET"]}}],"collection":[{"href":"https:\/\/www.associationdemarie.org\/blog\/wp-json\/wp\/v2\/posts"}],"about":[{"href":"https:\/\/www.associationdemarie.org\/blog\/wp-json\/wp\/v2\/types\/post"}],"author":[{"embeddable":true,"href":"https:\/\/www.associationdemarie.org\/blog\/wp-json\/wp\/v2\/users\/2"}],"replies":[{"embeddable":true,"href":"https:\/\/www.associationdemarie.org\/blog\/wp-json\/wp\/v2\/comments?post=3709"}],"version-history":[{"count":0,"href":"https:\/\/www.associationdemarie.org\/blog\/wp-json\/wp\/v2\/posts\/3709\/revisions"}],"wp:attachment":[{"href":"https:\/\/www.associationdemarie.org\/blog\/wp-json\/wp\/v2\/media?parent=3709"}],"wp:term":[{"taxonomy":"category","embeddable":true,"href":"https:\/\/www.associationdemarie.org\/blog\/wp-json\/wp\/v2\/categories?post=3709"},{"taxonomy":"post_tag","embeddable":true,"href":"https:\/\/www.associationdemarie.org\/blog\/wp-json\/wp\/v2\/tags?post=3709"}],"curies":[{"name":"wp","href":"https:\/\/api.w.org\/{rel}","templated":true}]}}