{"id":3701,"date":"2011-08-04T01:02:04","date_gmt":"2011-08-04T01:02:04","guid":{"rendered":"http:\/\/preprod.meltem-int.com\/marie\/blog\/?p=3701"},"modified":"2011-08-04T01:02:04","modified_gmt":"2011-08-04T01:02:04","slug":"st-jean-marie-vianney-2","status":"publish","type":"post","link":"https:\/\/www.associationdemarie.org\/blog\/st-jean-marie-vianney-2\/","title":{"rendered":"St Jean-Marie Vianney"},"content":{"rendered":"<p><a href=\"https:\/\/www.associationdemarie.org\/blog\/wp-content\/uploads\/2011\/07\/ars.jpg\"><img loading=\"lazy\" decoding=\"async\" class=\"alignleft size-medium wp-image-3702\" title=\"ars\" src=\"https:\/\/www.associationdemarie.org\/blog\/wp-content\/uploads\/2011\/07\/ars-225x300.jpg\" alt=\"\" width=\"144\" height=\"192\" srcset=\"https:\/\/www.associationdemarie.org\/blog\/wp-content\/uploads\/2011\/07\/ars-225x300.jpg 225w, https:\/\/www.associationdemarie.org\/blog\/wp-content\/uploads\/2011\/07\/ars.jpg 320w\" sizes=\"auto, (max-width: 144px) 100vw, 144px\" \/><\/a>D&rsquo;une humble famille paysanne, Jean-Marie Vianney se distingue tr\u00e8s t\u00f4t par son sens d\u00e9velopp\u00e9 de la charit\u00e9 et ses propensions \u00e0 la pri\u00e8re. Admis \u00e0 la pr\u00eatrise \u00e0 l&rsquo;\u00e2ge de 30 ans, il devient le cur\u00e9 d&rsquo;Ars, ville particuli\u00e8rement d\u00e9christianis\u00e9e par la R\u00e9volution. L\u00e0, il s&rsquo;occupe des plus pauvres et fonde un orphelinat. Sa bont\u00e9, sa vie asc\u00e9tique des plus rigoureuses et la simplicit\u00e9 de ses pr\u00e9dications suscitent peu \u00e0 peu le respect de ses paroissiens. Mais c&rsquo;est au confessionnal, o\u00f9 il passe plus de 15 heures par jour, qu&rsquo;il se r\u00e9v\u00e8le aux yeux de tous comme un \u00e9minent canal de la mis\u00e9ricorde divine et comme un guide spirituel.<\/p>\n<p>Manque de confiance, exc\u00e8s d&rsquo;humilit\u00e9 ? Toujours est-il que celui qui procure la paix de l&rsquo;\u00e2me se sent parfois indigne de sa mission sacerdotale et tente \u00e0 plusieurs reprises de fuir sa paroisse. Mais le poids de sa mission et de sa fatigue physique largement aliment\u00e9e par le harc\u00e8lement d\u00e9moniaque dont il est inlassablement l&rsquo;objet, ne font qu&rsquo;attiser son d\u00e9sir profond de sauver les \u00e2mes. \u00ab Quand j&rsquo;ai pris un peu de nourriture et dormi deux heures, je peux recommencer mon ouvrage tout de nouveau \u00bb, dira-t-il courageusement durant 41 ans, avant de mettre un terme \u00e0 sa mission terrestre, litt\u00e9ralement ext\u00e9nu\u00e9\u2026<br \/>\nAinsi, des heures durant, le saint homme \u00e9coute, conseille, apaise ou au contraire, bouscule les consciences. Dou\u00e9 de clairvoyance, il adapte son langage et le ton de sa voix selon la demande profonde de l&rsquo;\u00e2me qui le sollicite. Lorsque la souffrance d&rsquo;une personne provient de la n\u00e9gativit\u00e9 qu&rsquo;elle a \u00ab choisi \u00bb de d\u00e9tourner sur elle par Amour d&rsquo;autrui ou pour sa propre \u00e9l\u00e9vation, il l&rsquo;encourage de tout son Amour. \u00ab On ne doit pas enlever la croix \u00e0 des \u00e9paules qui savent si bien la porter \u00bb dira-t-il simplement, d\u00e9montrant ainsi que l&rsquo;Amour divin est indissociable du respect du libre arbitre. En revanche, si la souffrance r\u00e9sulte de la n\u00e9gativit\u00e9 de la personne, il l&rsquo;exhorte avec vigueur \u00e0 s&rsquo;ouvrir \u00e0 la mis\u00e9ricorde divine toute puissante et lib\u00e9ratrice. \u00ab J&rsquo;ai vu Dieu dans un homme \u00bb dira un des milliers de p\u00e8lerins de France et d&rsquo;ailleurs qui viennent d\u00e9sormais chercher le soulagement de l&rsquo;\u00e2me et la gu\u00e9rison du corps. On ne compte plus les prodiges et conversions spirituelles ainsi accomplis par le saint ! Hommes d&rsquo;\u00e9glise, politiciens\u2026 tous font appel aux pri\u00e8res, aux conseils et aux proph\u00e9ties du saint cur\u00e9.<br \/>\nUn ma\u00eetre spirituel dont le portrait serait incomplet si nous omettions de mentionner ses deux \u00e2mes s\u0153urs qui vivaient en lui. Celle de Saint Jean-le-Baptiste qui l&rsquo;avait inond\u00e9 de sa pr\u00e9sence d\u00e8s sa petite enfance et avec lequel il n&rsquo;a cess\u00e9 de converser, et celle de Ste Philom\u00e8ne,\u00a0martyre des premiers si\u00e8cles de l&rsquo;\u00c9glise avec laquelle il v\u00e9cut un mariage mystique.<\/p>\n<p>Canonis\u00e9 et proclam\u00e9 protecteur de tous les pr\u00eatres, Saint Jean-Marie-Baptiste Vianney est le t\u00e9moin vivant de l&rsquo;Amour divin, celui qui s&rsquo;adapte et se donne sans limite pour l&rsquo;accomplissement et la gloire de ses cr\u00e9atures.<\/p>\n","protected":false},"excerpt":{"rendered":"<p>D&rsquo;une humble famille paysanne, Jean-Marie Vianney se distingue tr\u00e8s t\u00f4t par son sens d\u00e9velopp\u00e9 de la charit\u00e9 et ses propensions \u00e0 la pri\u00e8re. Admis \u00e0 la pr\u00eatrise \u00e0 l&rsquo;\u00e2ge de 30 ans, il devient le cur\u00e9 d&rsquo;Ars, ville particuli\u00e8rement d\u00e9christianis\u00e9e par la R\u00e9volution. L\u00e0, il s&rsquo;occupe des plus pauvres et fonde un orphelinat. Sa bont\u00e9, [&hellip;]<\/p>\n","protected":false},"author":2,"featured_media":0,"comment_status":"closed","ping_status":"closed","sticky":false,"template":"","format":"standard","meta":{"footnotes":""},"categories":[2,3,28],"tags":[1023,1042,1105],"class_list":["post-3701","post","type-post","status-publish","format-standard","hentry","category-actualites","category-liturgique","category-saints-et-saintes","tag-st-cure-dars","tag-st-jean-baptiste","tag-ste-philomene"],"_links":{"self":[{"href":"https:\/\/www.associationdemarie.org\/blog\/wp-json\/wp\/v2\/posts\/3701","targetHints":{"allow":["GET"]}}],"collection":[{"href":"https:\/\/www.associationdemarie.org\/blog\/wp-json\/wp\/v2\/posts"}],"about":[{"href":"https:\/\/www.associationdemarie.org\/blog\/wp-json\/wp\/v2\/types\/post"}],"author":[{"embeddable":true,"href":"https:\/\/www.associationdemarie.org\/blog\/wp-json\/wp\/v2\/users\/2"}],"replies":[{"embeddable":true,"href":"https:\/\/www.associationdemarie.org\/blog\/wp-json\/wp\/v2\/comments?post=3701"}],"version-history":[{"count":0,"href":"https:\/\/www.associationdemarie.org\/blog\/wp-json\/wp\/v2\/posts\/3701\/revisions"}],"wp:attachment":[{"href":"https:\/\/www.associationdemarie.org\/blog\/wp-json\/wp\/v2\/media?parent=3701"}],"wp:term":[{"taxonomy":"category","embeddable":true,"href":"https:\/\/www.associationdemarie.org\/blog\/wp-json\/wp\/v2\/categories?post=3701"},{"taxonomy":"post_tag","embeddable":true,"href":"https:\/\/www.associationdemarie.org\/blog\/wp-json\/wp\/v2\/tags?post=3701"}],"curies":[{"name":"wp","href":"https:\/\/api.w.org\/{rel}","templated":true}]}}