{"id":3676,"date":"2011-08-09T01:46:38","date_gmt":"2011-08-09T01:46:38","guid":{"rendered":"http:\/\/preprod.meltem-int.com\/marie\/blog\/?p=3676"},"modified":"2011-08-09T01:46:38","modified_gmt":"2011-08-09T01:46:38","slug":"pe","status":"publish","type":"post","link":"https:\/\/www.associationdemarie.org\/blog\/pe\/","title":{"rendered":"P\u00e9"},"content":{"rendered":"<p>Tes t\u00e9moignages sont admirables ; C&rsquo;est pourquoi mon \u00e2me les a gard\u00e9s.<br \/>\nLa r\u00e9v\u00e9lation de tes paroles illumine ; Elle donne de l&rsquo;intelligence aux simples.<br \/>\nJ&rsquo;ai ouvert la bouche et j&rsquo;ai soupir\u00e9, Car j&rsquo;\u00e9tais avide de tes commandements.<br \/>\nTourne vers moi ta face et aie piti\u00e9 de moi, Comme cela est juste \u00e0 l&rsquo;\u00e9gard de ceux qui aiment ton nom.<br \/>\nAffermis mes pas dans ta parole, Et ne laisse aucune iniquit\u00e9 dominer sur moi\u00a0!<br \/>\nD\u00e9livre-moi de l&rsquo;oppression des hommes, Afin que je garde tes commandements.<br \/>\nFais luire ta face sur ton serviteur, Et m&rsquo;enseigne tes statuts !<br \/>\nMes yeux se fondent en ruisseaux d&rsquo;eau, Parce qu&rsquo;on n&rsquo;observe pas ta loi.<\/p>\n<p>Psaume 119<\/p>\n<p><span style=\"color: #ffffff;\">.<\/span><\/p>\n<p><em><a href=\"https:\/\/www.associationdemarie.org\/blog\/wp-content\/uploads\/2011\/07\/alphabet-hebreu-pe-fe.jpg\"><img loading=\"lazy\" decoding=\"async\" class=\"alignright size-full wp-image-3677\" title=\"alphabet-hebreu-pe-fe\" src=\"https:\/\/www.associationdemarie.org\/blog\/wp-content\/uploads\/2011\/07\/alphabet-hebreu-pe-fe.jpg\" alt=\"\" width=\"150\" height=\"150\" \/><\/a>La lettre p\u00e9 d\u00e9signe la bouche. A l&rsquo;origine, il s&rsquo;agit de l\u00e8vres symbolisant la parole et l&rsquo;expression. Le mot p\u00e9, la bouche, invers\u00e9 devient, af, le nez. Ces deux organes permettrent la circulation de l&rsquo;air mais l&rsquo;un doit fonctionner dans le sens contraire \u00e0 l&rsquo;autre\u00a0: le nez doit inspirer et la bouche exhaler et parler. En fonctionnant ainsi, la bouche devient l&rsquo;organe de l&rsquo;expression int\u00e9rieure sans l&rsquo;influence des forces externes qui passent par le nez.<\/em><\/p>\n<p><em>Si le nom P\u00e9, d\u00e9signe la bouche, il permet \u00e9galement de d\u00e9signer un lieu, si on le vocalise \u00ab\u00a0po\u00a0\u00bb, et signifie alors \u00ab\u00a0ici\u00a0\u00bb ou \u00ab\u00a0\u00e0 cet endroit.<\/em><br \/>\n<em>Ce nom vient de la racine &lsquo;paah\u00a0\u00bb, dont le sens est &lsquo;souffler\u00a0\u00bb, &lsquo;disperser\u00a0\u00bb, et par extension : \u00ab\u00a0vent\u00a0\u00bb, \u00ab\u00a0r\u00e9gion du ciel\u00a0\u00bb, \u00ab\u00a0c\u00f4t\u00e9\u00a0\u00bb, \u00ab\u00a0coin\u00a0\u00bb.<\/em><\/p>\n<p><span style=\"color: #ffffff;\"><em>.<\/em><\/span><\/p>\n<p><em><br \/>\n<\/em><\/p>\n","protected":false},"excerpt":{"rendered":"<p>Tes t\u00e9moignages sont admirables ; C&rsquo;est pourquoi mon \u00e2me les a gard\u00e9s. La r\u00e9v\u00e9lation de tes paroles illumine ; Elle donne de l&rsquo;intelligence aux simples. J&rsquo;ai ouvert la bouche et j&rsquo;ai soupir\u00e9, Car j&rsquo;\u00e9tais avide de tes commandements. Tourne vers moi ta face et aie piti\u00e9 de moi, Comme cela est juste \u00e0 l&rsquo;\u00e9gard de [&hellip;]<\/p>\n","protected":false},"author":2,"featured_media":0,"comment_status":"closed","ping_status":"closed","sticky":false,"template":"","format":"standard","meta":{"footnotes":""},"categories":[13,15,27],"tags":[57,243,849,1092],"class_list":["post-3676","post","type-post","status-publish","format-standard","hentry","category-ecritures","category-histoire","category-prieres","tag-ame","tag-commandements","tag-psaume-119","tag-ste-face"],"_links":{"self":[{"href":"https:\/\/www.associationdemarie.org\/blog\/wp-json\/wp\/v2\/posts\/3676","targetHints":{"allow":["GET"]}}],"collection":[{"href":"https:\/\/www.associationdemarie.org\/blog\/wp-json\/wp\/v2\/posts"}],"about":[{"href":"https:\/\/www.associationdemarie.org\/blog\/wp-json\/wp\/v2\/types\/post"}],"author":[{"embeddable":true,"href":"https:\/\/www.associationdemarie.org\/blog\/wp-json\/wp\/v2\/users\/2"}],"replies":[{"embeddable":true,"href":"https:\/\/www.associationdemarie.org\/blog\/wp-json\/wp\/v2\/comments?post=3676"}],"version-history":[{"count":0,"href":"https:\/\/www.associationdemarie.org\/blog\/wp-json\/wp\/v2\/posts\/3676\/revisions"}],"wp:attachment":[{"href":"https:\/\/www.associationdemarie.org\/blog\/wp-json\/wp\/v2\/media?parent=3676"}],"wp:term":[{"taxonomy":"category","embeddable":true,"href":"https:\/\/www.associationdemarie.org\/blog\/wp-json\/wp\/v2\/categories?post=3676"},{"taxonomy":"post_tag","embeddable":true,"href":"https:\/\/www.associationdemarie.org\/blog\/wp-json\/wp\/v2\/tags?post=3676"}],"curies":[{"name":"wp","href":"https:\/\/api.w.org\/{rel}","templated":true}]}}