{"id":3607,"date":"2011-07-29T01:54:22","date_gmt":"2011-07-29T01:54:22","guid":{"rendered":"http:\/\/preprod.meltem-int.com\/marie\/blog\/?p=3607"},"modified":"2011-07-29T01:54:22","modified_gmt":"2011-07-29T01:54:22","slug":"vav","status":"publish","type":"post","link":"https:\/\/www.associationdemarie.org\/blog\/vav\/","title":{"rendered":"Vav"},"content":{"rendered":"<p>Et que ta gr\u00e2ce soit sur moi, \u00f4 Eternel\u00a0! Et ton salut, selon ta parole ;<br \/>\nEt j&rsquo;aurai de quoi r\u00e9pondre \u00e0 celui qui m&rsquo;outrage, Car je me confie en ta parole.<br \/>\nN&rsquo;\u00f4te pas enti\u00e8rement de ma bouche la parole de v\u00e9rit\u00e9, Car je m&rsquo;attends \u00e0 tes d\u00e9crets,<br \/>\nEt je garderai ta loi constamment, A toujours et \u00e0 perp\u00e9tuit\u00e9.<br \/>\nJe marcherai au large Parce que j&rsquo;ai recherch\u00e9 tes ordonnances.<br \/>\nJe parlerai de tes t\u00e9moignages devant les rois, Et je n&rsquo;aurai point de honte.<br \/>\nJe ferai mes d\u00e9lices de tes commandements, Que j&rsquo;aime ;<br \/>\nJ&rsquo;\u00e9l\u00e8verai mes mains vers tes commandements, Que j&rsquo;aime, Et je m\u00e9diterai tes statuts.<\/p>\n<p>Psaume 119<\/p>\n<p><span style=\"color: #ffffff;\">.<\/span><\/p>\n<p><em><a href=\"https:\/\/www.associationdemarie.org\/blog\/wp-content\/uploads\/2011\/07\/vav.jpg\"><img loading=\"lazy\" decoding=\"async\" class=\"alignright size-full wp-image-3608\" title=\"vav\" src=\"https:\/\/www.associationdemarie.org\/blog\/wp-content\/uploads\/2011\/07\/vav.jpg\" alt=\"\" width=\"211\" height=\"360\" srcset=\"https:\/\/www.associationdemarie.org\/blog\/wp-content\/uploads\/2011\/07\/vav.jpg 211w, https:\/\/www.associationdemarie.org\/blog\/wp-content\/uploads\/2011\/07\/vav-175x300.jpg 175w\" sizes=\"auto, (max-width: 211px) 100vw, 211px\" \/><\/a>Le vav symbolise la cr\u00e9ation, l&rsquo;union, la f\u00e9condation entra\u00eenant la naissance et la vie; Vav est \u00e0 la fois le lien et la divergence entre l&rsquo;\u00eatre et le n\u00e9ant, le sentiment, l&rsquo;affection, le d\u00e9sir. Elle symbolise \u00e9galement une compl\u00e8te harmonie int\u00e9rieure, r\u00e9sultat d&rsquo;une transformation et d&rsquo;une pers\u00e9v\u00e9rance.<\/em><\/p>\n<p><em>Le monde fut accompli en 6 jours dans les 6 directions. Le premier mot de la Gen\u00e8se, \u00ab\u00a0bereshith\u00a0\u00bb peut se lire \u00ab\u00a0bara shith\u00a0\u00bb: \u00ab\u00a0Cr\u00e9a six\u00a0\u00bb, c&rsquo;est pourquoi la cr\u00e9ation se d\u00e9roula en 6+1. Le nombre 6 symbolise l&rsquo;harmonie, ainsi que la distinction et l&rsquo;union entre le Cr\u00e9ateur et sa Cr\u00e9ation.<\/em><\/p>\n<p><span style=\"color: #ffffff;\"><em>.<\/em><\/span><\/p>\n","protected":false},"excerpt":{"rendered":"<p>Et que ta gr\u00e2ce soit sur moi, \u00f4 Eternel\u00a0! Et ton salut, selon ta parole ; Et j&rsquo;aurai de quoi r\u00e9pondre \u00e0 celui qui m&rsquo;outrage, Car je me confie en ta parole. N&rsquo;\u00f4te pas enti\u00e8rement de ma bouche la parole de v\u00e9rit\u00e9, Car je m&rsquo;attends \u00e0 tes d\u00e9crets, Et je garderai ta loi constamment, A [&hellip;]<\/p>\n","protected":false},"author":2,"featured_media":0,"comment_status":"closed","ping_status":"closed","sticky":false,"template":"","format":"standard","meta":{"footnotes":""},"categories":[27],"tags":[56,114,770,849,1181],"class_list":["post-3607","post","type-post","status-publish","format-standard","hentry","category-prieres","tag-alphabet-hebraique","tag-assomption","tag-parole","tag-psaume-119","tag-verite"],"_links":{"self":[{"href":"https:\/\/www.associationdemarie.org\/blog\/wp-json\/wp\/v2\/posts\/3607","targetHints":{"allow":["GET"]}}],"collection":[{"href":"https:\/\/www.associationdemarie.org\/blog\/wp-json\/wp\/v2\/posts"}],"about":[{"href":"https:\/\/www.associationdemarie.org\/blog\/wp-json\/wp\/v2\/types\/post"}],"author":[{"embeddable":true,"href":"https:\/\/www.associationdemarie.org\/blog\/wp-json\/wp\/v2\/users\/2"}],"replies":[{"embeddable":true,"href":"https:\/\/www.associationdemarie.org\/blog\/wp-json\/wp\/v2\/comments?post=3607"}],"version-history":[{"count":0,"href":"https:\/\/www.associationdemarie.org\/blog\/wp-json\/wp\/v2\/posts\/3607\/revisions"}],"wp:attachment":[{"href":"https:\/\/www.associationdemarie.org\/blog\/wp-json\/wp\/v2\/media?parent=3607"}],"wp:term":[{"taxonomy":"category","embeddable":true,"href":"https:\/\/www.associationdemarie.org\/blog\/wp-json\/wp\/v2\/categories?post=3607"},{"taxonomy":"post_tag","embeddable":true,"href":"https:\/\/www.associationdemarie.org\/blog\/wp-json\/wp\/v2\/tags?post=3607"}],"curies":[{"name":"wp","href":"https:\/\/api.w.org\/{rel}","templated":true}]}}