{"id":3578,"date":"2011-07-26T01:40:09","date_gmt":"2011-07-26T01:40:09","guid":{"rendered":"http:\/\/preprod.meltem-int.com\/marie\/blog\/?p=3578"},"modified":"2011-07-26T01:40:09","modified_gmt":"2011-07-26T01:40:09","slug":"guimel","status":"publish","type":"post","link":"https:\/\/www.associationdemarie.org\/blog\/guimel\/","title":{"rendered":"Guimel"},"content":{"rendered":"<p>Fais ce bien \u00e0 ton serviteur que je vive, Et que je garde ta parole.<br \/>\nDessille mes yeux, Afin que je voie les merveilles de ta loi.<br \/>\nJe suis \u00e9tranger sur la terre ; Ne me cache pas tes commandements\u00a0!<br \/>\nMon \u00e2me se consume \u00e0 d\u00e9sirer Les sentences de ta justice, en tout temps.<br \/>\nTu as tanc\u00e9 les orgueilleux, Gens maudits, qui s&rsquo;\u00e9garent loin de tes commandements.<br \/>\nOte de dessus moi l&rsquo;opprobre et le m\u00e9pris, Car je garde tes t\u00e9moignages.<br \/>\nDes princes ont beau s&rsquo;asseoir et parler contre moi, Ton serviteur m\u00e9dite tes statuts,<br \/>\nTes t\u00e9moignages n&rsquo;en sont pas moins mes d\u00e9lices, Les gens de mon conseil.<\/p>\n<p>Psaume 119<\/p>\n<p><span style=\"color: #ffffff;\">.<\/span><\/p>\n<p><em><a href=\"https:\/\/www.associationdemarie.org\/blog\/wp-content\/uploads\/2011\/07\/Guimel.jpeg\"><img loading=\"lazy\" decoding=\"async\" class=\"alignright size-full wp-image-3579\" title=\"Guimel\" src=\"https:\/\/www.associationdemarie.org\/blog\/wp-content\/uploads\/2011\/07\/Guimel.jpeg\" alt=\"\" width=\"185\" height=\"180\" \/><\/a>Guimel compense le d\u00e9s\u00e9quilibre entre deux forces oppos\u00e9es et les fusionne en une seule. Ainsi il est en rapport avec Gamla, employ\u00e9 dans le Talmud, pour d\u00e9signer un pont qui unit deux espaces. A ce titre il est une puissance de bienveillance, appel\u00e9e Gu\u00e9moul, mais \u00e9galement un symbole de r\u00e9compense et de punition.<\/em><br \/>\n<em>D&rsquo;apr\u00e9s le Talmud, Guimel symbolise un homme riche courant apr\u00e8s un homme pauvre (Daleth) pour lui faire la charit\u00e9. Il signifierait faire m\u00fbrir, sevrer.<\/em><\/p>\n<p><span style=\"color: #ffffff;\"><em>.<\/em><\/span><\/p>\n","protected":false},"excerpt":{"rendered":"<p>Fais ce bien \u00e0 ton serviteur que je vive, Et que je garde ta parole. Dessille mes yeux, Afin que je voie les merveilles de ta loi. Je suis \u00e9tranger sur la terre ; Ne me cache pas tes commandements\u00a0! Mon \u00e2me se consume \u00e0 d\u00e9sirer Les sentences de ta justice, en tout temps. Tu [&hellip;]<\/p>\n","protected":false},"author":2,"featured_media":0,"comment_status":"closed","ping_status":"closed","sticky":false,"template":"","format":"standard","meta":{"footnotes":""},"categories":[27],"tags":[56,242,471,513,590,849],"class_list":["post-3578","post","type-post","status-publish","format-standard","hentry","category-prieres","tag-alphabet-hebraique","tag-commandement","tag-guimel","tag-jacob","tag-loi-de-dieu","tag-psaume-119"],"_links":{"self":[{"href":"https:\/\/www.associationdemarie.org\/blog\/wp-json\/wp\/v2\/posts\/3578","targetHints":{"allow":["GET"]}}],"collection":[{"href":"https:\/\/www.associationdemarie.org\/blog\/wp-json\/wp\/v2\/posts"}],"about":[{"href":"https:\/\/www.associationdemarie.org\/blog\/wp-json\/wp\/v2\/types\/post"}],"author":[{"embeddable":true,"href":"https:\/\/www.associationdemarie.org\/blog\/wp-json\/wp\/v2\/users\/2"}],"replies":[{"embeddable":true,"href":"https:\/\/www.associationdemarie.org\/blog\/wp-json\/wp\/v2\/comments?post=3578"}],"version-history":[{"count":0,"href":"https:\/\/www.associationdemarie.org\/blog\/wp-json\/wp\/v2\/posts\/3578\/revisions"}],"wp:attachment":[{"href":"https:\/\/www.associationdemarie.org\/blog\/wp-json\/wp\/v2\/media?parent=3578"}],"wp:term":[{"taxonomy":"category","embeddable":true,"href":"https:\/\/www.associationdemarie.org\/blog\/wp-json\/wp\/v2\/categories?post=3578"},{"taxonomy":"post_tag","embeddable":true,"href":"https:\/\/www.associationdemarie.org\/blog\/wp-json\/wp\/v2\/tags?post=3578"}],"curies":[{"name":"wp","href":"https:\/\/api.w.org\/{rel}","templated":true}]}}