{"id":3551,"date":"2011-07-30T01:41:33","date_gmt":"2011-07-30T01:41:33","guid":{"rendered":"http:\/\/preprod.meltem-int.com\/marie\/blog\/?p=3551"},"modified":"2011-07-30T01:41:33","modified_gmt":"2011-07-30T01:41:33","slug":"intentions-de-prieres-du-pape-aout-2011","status":"publish","type":"post","link":"https:\/\/www.associationdemarie.org\/blog\/intentions-de-prieres-du-pape-aout-2011\/","title":{"rendered":"Intentions de pri\u00e8res du Pape &#8211; Ao\u00fbt 2011"},"content":{"rendered":"<p><strong><a href=\"https:\/\/www.associationdemarie.org\/blog\/wp-content\/uploads\/2011\/07\/theme.gif\"><img loading=\"lazy\" decoding=\"async\" class=\"alignright size-full wp-image-3552\" title=\"theme\" src=\"https:\/\/www.associationdemarie.org\/blog\/wp-content\/uploads\/2011\/07\/theme.gif\" alt=\"\" width=\"154\" height=\"300\" \/><\/a>Universelle &#8211; Pour la Journ\u00e9e Mondiale de la Jeunesse.<\/strong><\/p>\n<p>Pour que la Journ\u00e9e Mondiale de la Jeunesse c\u00e9l\u00e9br\u00e9e \u00e0 Madrid encourage tous les jeunes du monde \u00e0 enraciner et \u00e0 fonder leur vie dans le Christ.<\/p>\n<p><strong>Missionnaire &#8211; Les chr\u00e9tiens d\u2019Occident.<\/strong><\/p>\n<p>Pour que les chr\u00e9tiens d\u2019Occident, dociles \u00e0 l\u2019action du Saint-Esprit, retrouvent la fra\u00eecheur et l\u2019enthousiasme de leur foi.<\/p>\n<p>&nbsp;<\/p>\n","protected":false},"excerpt":{"rendered":"<p>Universelle &#8211; Pour la Journ\u00e9e Mondiale de la Jeunesse. Pour que la Journ\u00e9e Mondiale de la Jeunesse c\u00e9l\u00e9br\u00e9e \u00e0 Madrid encourage tous les jeunes du monde \u00e0 enraciner et \u00e0 fonder leur vie dans le Christ. Missionnaire &#8211; Les chr\u00e9tiens d\u2019Occident. Pour que les chr\u00e9tiens d\u2019Occident, dociles \u00e0 l\u2019action du Saint-Esprit, retrouvent la fra\u00eecheur et [&hellip;]<\/p>\n","protected":false},"author":2,"featured_media":0,"comment_status":"closed","ping_status":"closed","sticky":false,"template":"","format":"standard","meta":{"footnotes":""},"categories":[2,14],"tags":[142,218,504,607],"class_list":["post-3551","post","type-post","status-publish","format-standard","hentry","category-actualites","category-groupe-prieres","tag-benoit-16","tag-chretiens","tag-intentions-de-priere","tag-madrid"],"_links":{"self":[{"href":"https:\/\/www.associationdemarie.org\/blog\/wp-json\/wp\/v2\/posts\/3551","targetHints":{"allow":["GET"]}}],"collection":[{"href":"https:\/\/www.associationdemarie.org\/blog\/wp-json\/wp\/v2\/posts"}],"about":[{"href":"https:\/\/www.associationdemarie.org\/blog\/wp-json\/wp\/v2\/types\/post"}],"author":[{"embeddable":true,"href":"https:\/\/www.associationdemarie.org\/blog\/wp-json\/wp\/v2\/users\/2"}],"replies":[{"embeddable":true,"href":"https:\/\/www.associationdemarie.org\/blog\/wp-json\/wp\/v2\/comments?post=3551"}],"version-history":[{"count":0,"href":"https:\/\/www.associationdemarie.org\/blog\/wp-json\/wp\/v2\/posts\/3551\/revisions"}],"wp:attachment":[{"href":"https:\/\/www.associationdemarie.org\/blog\/wp-json\/wp\/v2\/media?parent=3551"}],"wp:term":[{"taxonomy":"category","embeddable":true,"href":"https:\/\/www.associationdemarie.org\/blog\/wp-json\/wp\/v2\/categories?post=3551"},{"taxonomy":"post_tag","embeddable":true,"href":"https:\/\/www.associationdemarie.org\/blog\/wp-json\/wp\/v2\/tags?post=3551"}],"curies":[{"name":"wp","href":"https:\/\/api.w.org\/{rel}","templated":true}]}}