{"id":3428,"date":"2011-07-05T01:50:55","date_gmt":"2011-07-05T01:50:55","guid":{"rendered":"http:\/\/preprod.meltem-int.com\/marie\/blog\/?p=3428"},"modified":"2011-07-05T01:50:55","modified_gmt":"2011-07-05T01:50:55","slug":"prochaine-rencontre-7","status":"publish","type":"post","link":"https:\/\/www.associationdemarie.org\/blog\/prochaine-rencontre-7\/","title":{"rendered":"Prochaine rencontre"},"content":{"rendered":"<p><a href=\"https:\/\/www.associationdemarie.org\/blog\/wp-content\/uploads\/2010\/06\/plan1.jpg\">Notre prochaine rencontre se d\u00e9roulera le\u00a0<strong>dimanche 10 juillet en Ardouane.<\/strong><\/a><\/p>\n<p><strong>La messe \u00e0 Lamalou les Bains<\/strong><\/p>\n<p><a href=\"https:\/\/www.associationdemarie.org\/blog\/wp-content\/uploads\/2010\/06\/plan1.jpg\"><strong> <\/strong><img loading=\"lazy\" decoding=\"async\" class=\"aligncenter\" title=\"plan1\" src=\"https:\/\/www.associationdemarie.org\/blog\/wp-content\/uploads\/2010\/06\/plan1-300x120.jpg\" alt=\"\" width=\"300\" height=\"120\" \/><\/a><\/p>\n<p>Mes enfants, cette maison qui est derri\u00e8re vous, cette b\u00e2tisse qui commence de se d\u00e9labrer, va, comme je l\u2019ai dit, ressurgir. Bient\u00f4t, parmi vous, beaucoup viendront aider \u00e0 relever cette maison. Sachez que personne ne pourra entraver la Volont\u00e9 Divine et que rien ni personne ne vous mettra des emb\u00fbches sur le chemin. Tel est le projet divin depuis des mill\u00e9naires. Il ne sera fait en cette maison qu\u2019un havre de Paix et d\u2019Amour. Seules viendront des personnes de souffrances. Mais ces personnes, dans leurs souffrances, feront agrandir le cercle d\u2019Amour et de Paix. Cette maison sera le d\u00e9but d\u2019une cha\u00eene de maisons dans le monde entier. En ces temps difficiles pour tous et pour chacun, l\u2019essor d\u2019Amour va se perp\u00e9tuer, afin que chacun trouve une stabilit\u00e9 au travers de l\u2019aide \u00e0 autrui. Vous verrez bient\u00f4t, et vous succomberez \u00e0 l\u2019Amour de Dieu.<\/p>\n<p>Marie M\u00e8re des hommes \u2013 juillet 2008<\/p>\n<p>&nbsp;<\/p>\n","protected":false},"excerpt":{"rendered":"<p>Notre prochaine rencontre se d\u00e9roulera le\u00a0dimanche 10 juillet en Ardouane. La messe \u00e0 Lamalou les Bains Mes enfants, cette maison qui est derri\u00e8re vous, cette b\u00e2tisse qui commence de se d\u00e9labrer, va, comme je l\u2019ai dit, ressurgir. Bient\u00f4t, parmi vous, beaucoup viendront aider \u00e0 relever cette maison. Sachez que personne ne pourra entraver la Volont\u00e9 [&hellip;]<\/p>\n","protected":false},"author":2,"featured_media":0,"comment_status":"closed","ping_status":"closed","sticky":false,"template":"","format":"standard","meta":{"footnotes":""},"categories":[2,14,17],"tags":[99,880],"class_list":["post-3428","post","type-post","status-publish","format-standard","hentry","category-actualites","category-groupe-prieres","category-maison-de-marie-dardouane","tag-ardouane","tag-rencontre"],"_links":{"self":[{"href":"https:\/\/www.associationdemarie.org\/blog\/wp-json\/wp\/v2\/posts\/3428","targetHints":{"allow":["GET"]}}],"collection":[{"href":"https:\/\/www.associationdemarie.org\/blog\/wp-json\/wp\/v2\/posts"}],"about":[{"href":"https:\/\/www.associationdemarie.org\/blog\/wp-json\/wp\/v2\/types\/post"}],"author":[{"embeddable":true,"href":"https:\/\/www.associationdemarie.org\/blog\/wp-json\/wp\/v2\/users\/2"}],"replies":[{"embeddable":true,"href":"https:\/\/www.associationdemarie.org\/blog\/wp-json\/wp\/v2\/comments?post=3428"}],"version-history":[{"count":0,"href":"https:\/\/www.associationdemarie.org\/blog\/wp-json\/wp\/v2\/posts\/3428\/revisions"}],"wp:attachment":[{"href":"https:\/\/www.associationdemarie.org\/blog\/wp-json\/wp\/v2\/media?parent=3428"}],"wp:term":[{"taxonomy":"category","embeddable":true,"href":"https:\/\/www.associationdemarie.org\/blog\/wp-json\/wp\/v2\/categories?post=3428"},{"taxonomy":"post_tag","embeddable":true,"href":"https:\/\/www.associationdemarie.org\/blog\/wp-json\/wp\/v2\/tags?post=3428"}],"curies":[{"name":"wp","href":"https:\/\/api.w.org\/{rel}","templated":true}]}}