{"id":3340,"date":"2011-06-17T01:43:34","date_gmt":"2011-06-17T01:43:34","guid":{"rendered":"http:\/\/preprod.meltem-int.com\/marie\/blog\/?p=3340"},"modified":"2011-06-17T01:43:34","modified_gmt":"2011-06-17T01:43:34","slug":"domina-magistra-mater-2","status":"publish","type":"post","link":"https:\/\/www.associationdemarie.org\/blog\/domina-magistra-mater-2\/","title":{"rendered":"Domina Magistra Mater"},"content":{"rendered":"<p><em><a href=\"https:\/\/www.associationdemarie.org\/blog\/wp-content\/uploads\/2011\/06\/Marie-dArdouane.jpg\"><img loading=\"lazy\" decoding=\"async\" class=\"aligncenter size-medium wp-image-3341\" title=\"Marie d'Ardouane\" src=\"https:\/\/www.associationdemarie.org\/blog\/wp-content\/uploads\/2011\/06\/Marie-dArdouane-210x300.jpg\" alt=\"\" width=\"210\" height=\"300\" srcset=\"https:\/\/www.associationdemarie.org\/blog\/wp-content\/uploads\/2011\/06\/Marie-dArdouane-210x300.jpg 210w, https:\/\/www.associationdemarie.org\/blog\/wp-content\/uploads\/2011\/06\/Marie-dArdouane.jpg 351w\" sizes=\"auto, (max-width: 210px) 100vw, 210px\" \/><\/a>(Relisez le 1<sup>er<\/sup> Ep\u00eetre aux Thessaloniciens\u00a0 5, 1-28)<\/em><\/p>\n<p>A mes enfants,<\/p>\n<p>Sachez que dans chaque \u00e9tat de ce monde, des \u00e9lus sont repr\u00e9sentatifs de l\u2019av\u00e8nement de J\u00e9sus Christ. Qu\u2019il est agr\u00e9able au Tout Puissant, d\u2019accorder Sa Mis\u00e9ricorde et Son Pardon \u00e0 Ses serviteurs qui pr\u00eachent la bonne parole et agissent au mieux de leur foi. Que d\u2019\u00e2mes explorent les Saints Sacrements de l\u2019Eglise pour en extraire la foi vivante et le pardon \u00e9ternel pour les naufrag\u00e9s de ce monde.<\/p>\n<p>Il en est ainsi que dans l\u2019avanc\u00e9e du temps, le Seigneur Tout Puissant va unir progressivement ses \u00e9lus de ce monde qui, dans l\u2019ignorance les uns des autres, arpentent le m\u00eame chemin, celui de la justice du Royaume de Dieu. Que toutes ces enclaves de pri\u00e8res et d\u2019amour se rassemblent pour \u00eatre le calice du Corps du Christ, du Sang du Christ. Que ce calice soit vers\u00e9 sur ce monde et l\u2019indiff\u00e9rence, afin que chacun puisse pr\u00e9m\u00e9diter de son avenir et se r\u00e9server le droit d\u2019obtenir le Divin Pardon.<\/p>\n<p>Que l\u2019enseignement attribu\u00e9 \u00e0 chaque \u00e9lu soit le r\u00e9ceptacle de la coupe d\u2019amertume offerte par le monde \u00e0 Sa Divine Puissance. Que les affinit\u00e9s des \u00e9lus dans la foi engendrent l\u2019exploration de l\u2019enseignement au peuple de la future alliance, sans une quelconque entrave \u00e0 l\u2019esprit de chaque \u00eatre.<\/p>\n<p>La Paix et l\u2019Amour sont la puissance et la r\u00e9alisation par l\u2019homme de la mis\u00e9ricorde Divine. Dieu le P\u00e8re ne d\u00e9sire que le rachat de tous pour ne former qu\u2019une immense lumi\u00e8re ali\u00e9nant toute l\u2019ivresse du Malin.<\/p>\n<p>Il est demand\u00e9 aux \u00e9lus de ce monde, comme ils en sont charg\u00e9s, de s\u2019unir dans la pri\u00e8re pour soulager les maux de cette terre et faire surgir l\u2019\u00e9tincelle de l\u2019Amour dans chaque c\u0153ur humain, tabernacle de la foi romaine et universelle.<\/p>\n<p>Mes enfants, que vos c\u0153urs soient unis dans une m\u00eame all\u00e9gresse, afin de suppl\u00e9er aux contingences immorales et inhumaines de la terre. L\u2019Amour et la pri\u00e8re de tous les Saints se joignent \u00e0 l\u2019innocence de vos \u00e2mes dans le labyrinthe de la violence humaine. Que l\u2019Esprit Saint soulage votre esprit et vous enseigne \u00e0 la joie d\u2019enseigner autrui, dans et par la Puissance Divine. A bient\u00f4t.<\/p>\n<p>Marie, M\u00e8re des hommes &#8211; janvier 1993<\/p>\n<p>&nbsp;<\/p>\n","protected":false},"excerpt":{"rendered":"<p>(Relisez le 1er Ep\u00eetre aux Thessaloniciens\u00a0 5, 1-28) A mes enfants, Sachez que dans chaque \u00e9tat de ce monde, des \u00e9lus sont repr\u00e9sentatifs de l\u2019av\u00e8nement de J\u00e9sus Christ. Qu\u2019il est agr\u00e9able au Tout Puissant, d\u2019accorder Sa Mis\u00e9ricorde et Son Pardon \u00e0 Ses serviteurs qui pr\u00eachent la bonne parole et agissent au mieux de leur foi. [&hellip;]<\/p>\n","protected":false},"author":2,"featured_media":0,"comment_status":"closed","ping_status":"closed","sticky":false,"template":"","format":"standard","meta":{"footnotes":""},"categories":[17,19],"tags":[177,263,309,345,357,425,536,678,767,945,956],"class_list":["post-3340","post","type-post","status-publish","format-standard","hentry","category-maison-de-marie-dardouane","category-messages","tag-calice","tag-corps","tag-domina-magistra-mater","tag-elus","tag-enseignement","tag-foi","tag-jesus-christ","tag-misericorde","tag-pardon","tag-saints","tag-sang"],"_links":{"self":[{"href":"https:\/\/www.associationdemarie.org\/blog\/wp-json\/wp\/v2\/posts\/3340","targetHints":{"allow":["GET"]}}],"collection":[{"href":"https:\/\/www.associationdemarie.org\/blog\/wp-json\/wp\/v2\/posts"}],"about":[{"href":"https:\/\/www.associationdemarie.org\/blog\/wp-json\/wp\/v2\/types\/post"}],"author":[{"embeddable":true,"href":"https:\/\/www.associationdemarie.org\/blog\/wp-json\/wp\/v2\/users\/2"}],"replies":[{"embeddable":true,"href":"https:\/\/www.associationdemarie.org\/blog\/wp-json\/wp\/v2\/comments?post=3340"}],"version-history":[{"count":0,"href":"https:\/\/www.associationdemarie.org\/blog\/wp-json\/wp\/v2\/posts\/3340\/revisions"}],"wp:attachment":[{"href":"https:\/\/www.associationdemarie.org\/blog\/wp-json\/wp\/v2\/media?parent=3340"}],"wp:term":[{"taxonomy":"category","embeddable":true,"href":"https:\/\/www.associationdemarie.org\/blog\/wp-json\/wp\/v2\/categories?post=3340"},{"taxonomy":"post_tag","embeddable":true,"href":"https:\/\/www.associationdemarie.org\/blog\/wp-json\/wp\/v2\/tags?post=3340"}],"curies":[{"name":"wp","href":"https:\/\/api.w.org\/{rel}","templated":true}]}}