{"id":3285,"date":"2011-06-12T01:17:33","date_gmt":"2011-06-12T01:17:33","guid":{"rendered":"http:\/\/preprod.meltem-int.com\/marie\/blog\/?p=3285"},"modified":"2011-06-12T01:17:33","modified_gmt":"2011-06-12T01:17:33","slug":"pentecote-3","status":"publish","type":"post","link":"https:\/\/www.associationdemarie.org\/blog\/pentecote-3\/","title":{"rendered":"Pentec\u00f4te"},"content":{"rendered":"<p><a href=\"https:\/\/www.associationdemarie.org\/blog\/wp-content\/uploads\/2011\/06\/Esprit-Saint.jpg\"><img loading=\"lazy\" decoding=\"async\" class=\"aligncenter size-medium wp-image-3288\" title=\"Esprit Saint\" src=\"https:\/\/www.associationdemarie.org\/blog\/wp-content\/uploads\/2011\/06\/Esprit-Saint-257x300.jpg\" alt=\"\" width=\"257\" height=\"300\" srcset=\"https:\/\/www.associationdemarie.org\/blog\/wp-content\/uploads\/2011\/06\/Esprit-Saint-257x300.jpg 257w, https:\/\/www.associationdemarie.org\/blog\/wp-content\/uploads\/2011\/06\/Esprit-Saint-878x1024.jpg 878w, https:\/\/www.associationdemarie.org\/blog\/wp-content\/uploads\/2011\/06\/Esprit-Saint.jpg 964w\" sizes=\"auto, (max-width: 257px) 100vw, 257px\" \/><\/a><\/p>\n<p><strong>\u00c9vangile de J\u00e9sus-Christ selon saint Jean\u00a0<span dir=\"ltr\">20,19-23.<\/span> <\/strong><br \/>\n<span>C<\/span>&lsquo;\u00e9tait apr\u00e8s la mort de J\u00e9sus, le soir du premier jour de la semaine. Les disciples avaient verrouill\u00e9 les portes du lieu o\u00f9 ils \u00e9taient, car ils avaient peur des Juifs. J\u00e9sus vint, et il \u00e9tait l\u00e0 au milieu d&rsquo;eux. Il leur dit\u00a0: \u00ab\u00a0La paix soit avec vous\u00a0!\u00a0\u00bb<br \/>\nApr\u00e8s cette parole, il leur montra ses mains et son c\u00f4t\u00e9. Les disciples furent remplis de joie en voyant le Seigneur.<br \/>\nJ\u00e9sus leur dit de nouveau\u00a0: \u00ab\u00a0La paix soit avec vous\u00a0! De m\u00eame que le P\u00e8re m&rsquo;a envoy\u00e9, moi aussi, je vous envoie.\u00a0\u00bb<br \/>\nAyant ainsi parl\u00e9, il r\u00e9pandit sur eux son souffle et il leur dit\u00a0: \u00ab\u00a0Recevez l&rsquo;Esprit Saint.<br \/>\nTout homme \u00e0 qui vous remettrez ses p\u00e9ch\u00e9s, ils lui seront remis\u00a0; tout homme \u00e0 qui vous maintiendrez ses p\u00e9ch\u00e9s, ils lui seront maintenus.\u00a0\u00bb<\/p>\n<p><span style=\"color: #ffffff;\">.<\/span><\/p>\n<p><span style=\"color: #ffffff;\">.<a href=\"https:\/\/www.associationdemarie.org\/blog\/wp-content\/uploads\/2011\/06\/GetInline.gif\"><img loading=\"lazy\" decoding=\"async\" class=\"aligncenter size-full wp-image-3286\" title=\"GetInline\" src=\"https:\/\/www.associationdemarie.org\/blog\/wp-content\/uploads\/2011\/06\/GetInline.gif\" alt=\"\" width=\"364\" height=\"260\" \/><\/a><\/span><\/p>\n","protected":false},"excerpt":{"rendered":"<p>\u00c9vangile de J\u00e9sus-Christ selon saint Jean\u00a020,19-23. C&lsquo;\u00e9tait apr\u00e8s la mort de J\u00e9sus, le soir du premier jour de la semaine. Les disciples avaient verrouill\u00e9 les portes du lieu o\u00f9 ils \u00e9taient, car ils avaient peur des Juifs. J\u00e9sus vint, et il \u00e9tait l\u00e0 au milieu d&rsquo;eux. Il leur dit\u00a0: \u00ab\u00a0La paix soit avec vous\u00a0!\u00a0\u00bb Apr\u00e8s [&hellip;]<\/p>\n","protected":false},"author":2,"featured_media":0,"comment_status":"closed","ping_status":"closed","sticky":false,"template":"","format":"standard","meta":{"footnotes":""},"categories":[3,4,13],"tags":[378,389,535,757,763,791,1041],"class_list":["post-3285","post","type-post","status-publish","format-standard","hentry","category-liturgique","category-iconographie","category-ecritures","tag-esprit-saint","tag-evangile","tag-jesus","tag-paix","tag-paques","tag-pentecote","tag-st-jean"],"_links":{"self":[{"href":"https:\/\/www.associationdemarie.org\/blog\/wp-json\/wp\/v2\/posts\/3285","targetHints":{"allow":["GET"]}}],"collection":[{"href":"https:\/\/www.associationdemarie.org\/blog\/wp-json\/wp\/v2\/posts"}],"about":[{"href":"https:\/\/www.associationdemarie.org\/blog\/wp-json\/wp\/v2\/types\/post"}],"author":[{"embeddable":true,"href":"https:\/\/www.associationdemarie.org\/blog\/wp-json\/wp\/v2\/users\/2"}],"replies":[{"embeddable":true,"href":"https:\/\/www.associationdemarie.org\/blog\/wp-json\/wp\/v2\/comments?post=3285"}],"version-history":[{"count":0,"href":"https:\/\/www.associationdemarie.org\/blog\/wp-json\/wp\/v2\/posts\/3285\/revisions"}],"wp:attachment":[{"href":"https:\/\/www.associationdemarie.org\/blog\/wp-json\/wp\/v2\/media?parent=3285"}],"wp:term":[{"taxonomy":"category","embeddable":true,"href":"https:\/\/www.associationdemarie.org\/blog\/wp-json\/wp\/v2\/categories?post=3285"},{"taxonomy":"post_tag","embeddable":true,"href":"https:\/\/www.associationdemarie.org\/blog\/wp-json\/wp\/v2\/tags?post=3285"}],"curies":[{"name":"wp","href":"https:\/\/api.w.org\/{rel}","templated":true}]}}