{"id":3247,"date":"2011-05-29T07:02:03","date_gmt":"2011-05-29T07:02:03","guid":{"rendered":"http:\/\/preprod.meltem-int.com\/marie\/blog\/?p=3247"},"modified":"2011-05-29T07:02:03","modified_gmt":"2011-05-29T07:02:03","slug":"fete-des-meres-2","status":"publish","type":"post","link":"https:\/\/www.associationdemarie.org\/blog\/fete-des-meres-2\/","title":{"rendered":"F\u00eate des m\u00e8res"},"content":{"rendered":"<p><a href=\"https:\/\/www.associationdemarie.org\/blog\/wp-content\/uploads\/2011\/05\/rose_blanche.jpg\"><img loading=\"lazy\" decoding=\"async\" class=\"aligncenter size-medium wp-image-3248\" title=\"Rose blanche\" src=\"https:\/\/www.associationdemarie.org\/blog\/wp-content\/uploads\/2011\/05\/rose_blanche-300x225.jpg\" alt=\"\" width=\"300\" height=\"225\" srcset=\"https:\/\/www.associationdemarie.org\/blog\/wp-content\/uploads\/2011\/05\/rose_blanche-300x225.jpg 300w, https:\/\/www.associationdemarie.org\/blog\/wp-content\/uploads\/2011\/05\/rose_blanche-1024x768.jpg 1024w, https:\/\/www.associationdemarie.org\/blog\/wp-content\/uploads\/2011\/05\/rose_blanche.jpg 1600w\" sizes=\"auto, (max-width: 300px) 100vw, 300px\" \/><\/a><\/p>\n<p>Mes enfants, vous \u00eates dans le mois du renouveau et de l\u2019ouverture de la nature, accordez-vous le temps de vous reposer sur elle et de vous ouvrir enti\u00e8rement \u00e0 l\u2019Amour et la Paix. La nature est un bienfait de Dieu le P\u00e8re, mais c\u2019est aussi le reflet de l\u2019homme dans son \u00e9volution. Mais aujourd\u2019hui, il sacrifie cette aire de repos et de contemplation en un d\u00e9cor burlesque pour assouvir son besoin de supr\u00e9matie sur tout. Les fleurs, reflet du sentiment humain d\u2019amour, parfum de l\u2019esp\u00e9rance et de la joie de vivre, cherchent avec souffrance leur lieu d\u2019\u00e9closion. C\u2019est une souffrance inflig\u00e9e au C\u0153ur Sacr\u00e9 de mon Fils et Il vous demande plus de soins et de respect envers la nature qui vous entoure.<\/p>\n<p>Mes enfants, les temps sont durs pour l\u2019homme et surtout les plus fragiles. Priez, priez, priez pour soulager la souffrance des hommes dans la perte d\u2019\u00eatres chers. Que\u00a0 d\u2019avertissements sont donn\u00e9s et bien peu \u00e9cout\u00e9s. La surdit\u00e9 et l\u2019aveuglement font partie des maux humains\u00a0; votre M\u00e9decin, vous Le connaissez et vous ne L\u2019appelez pas.<\/p>\n<p>Mes enfants, soyez attentifs aux m\u00e8res, car beaucoup d\u2019entre elles sont d\u00e9chir\u00e9es dans leur c\u0153ur par la perte d\u2019un enfant ou de plusieurs. Soyez protecteurs des m\u00e8res, accompagnez-les et pr\u00e9servez-les car elles sont l\u2019avenir des hommes, actrices en premier lieu dans la souffrance et l\u2019immense joie de procr\u00e9er.<\/p>\n<p>Mes enfants, priez pour tous et ouvrez-vous \u00e0 l\u2019attente de Mon Fils pour les hommes. Priez pour l\u2019union des hommes en Dieu le P\u00e8re.<\/p>\n<p>Marie M\u00e8re des hommes &#8211; mai 2008<\/p>\n<p><span style=\"color: #ffffff;\">.<\/span><\/p>\n","protected":false},"excerpt":{"rendered":"<p>Mes enfants, vous \u00eates dans le mois du renouveau et de l\u2019ouverture de la nature, accordez-vous le temps de vous reposer sur elle et de vous ouvrir enti\u00e8rement \u00e0 l\u2019Amour et la Paix. La nature est un bienfait de Dieu le P\u00e8re, mais c\u2019est aussi le reflet de l\u2019homme dans son \u00e9volution. Mais aujourd\u2019hui, il [&hellip;]<\/p>\n","protected":false},"author":2,"featured_media":0,"comment_status":"closed","ping_status":"closed","sticky":false,"template":"","format":"standard","meta":{"footnotes":""},"categories":[2,12,16,19],"tags":[65,297,413,640,656,665,709,914,1166],"class_list":["post-3247","post","type-post","status-publish","format-standard","hentry","category-actualites","category-crise","category-jardins-de-la-bible","category-messages","tag-amour-et-paix","tag-dieu-le-pere","tag-fils","tag-marie-mere-des-hommes","tag-medecin","tag-meres","tag-nature","tag-sacre-coeur-de-jesus","tag-union"],"_links":{"self":[{"href":"https:\/\/www.associationdemarie.org\/blog\/wp-json\/wp\/v2\/posts\/3247","targetHints":{"allow":["GET"]}}],"collection":[{"href":"https:\/\/www.associationdemarie.org\/blog\/wp-json\/wp\/v2\/posts"}],"about":[{"href":"https:\/\/www.associationdemarie.org\/blog\/wp-json\/wp\/v2\/types\/post"}],"author":[{"embeddable":true,"href":"https:\/\/www.associationdemarie.org\/blog\/wp-json\/wp\/v2\/users\/2"}],"replies":[{"embeddable":true,"href":"https:\/\/www.associationdemarie.org\/blog\/wp-json\/wp\/v2\/comments?post=3247"}],"version-history":[{"count":0,"href":"https:\/\/www.associationdemarie.org\/blog\/wp-json\/wp\/v2\/posts\/3247\/revisions"}],"wp:attachment":[{"href":"https:\/\/www.associationdemarie.org\/blog\/wp-json\/wp\/v2\/media?parent=3247"}],"wp:term":[{"taxonomy":"category","embeddable":true,"href":"https:\/\/www.associationdemarie.org\/blog\/wp-json\/wp\/v2\/categories?post=3247"},{"taxonomy":"post_tag","embeddable":true,"href":"https:\/\/www.associationdemarie.org\/blog\/wp-json\/wp\/v2\/tags?post=3247"}],"curies":[{"name":"wp","href":"https:\/\/api.w.org\/{rel}","templated":true}]}}