{"id":3233,"date":"2011-06-02T01:41:56","date_gmt":"2011-06-02T01:41:56","guid":{"rendered":"http:\/\/preprod.meltem-int.com\/marie\/blog\/?p=3233"},"modified":"2011-06-02T01:41:56","modified_gmt":"2011-06-02T01:41:56","slug":"ascension-de-notre-seigneur-jesus-christ","status":"publish","type":"post","link":"https:\/\/www.associationdemarie.org\/blog\/ascension-de-notre-seigneur-jesus-christ\/","title":{"rendered":"Ascension de notre Seigneur J\u00e9sus Christ"},"content":{"rendered":"<p><em>du latin ascendere ; monter, s\u2019\u00e9lever<\/em><\/p>\n<p>\u00ab L\u2019Ascension du Seigneur \u00bb, c\u00e9l\u00e8bre l\u2019entr\u00e9e du Christ dans la gloire de Dieu, c&rsquo;est-\u00e0-dire la fin de sa pr\u00e9sence visible sur terre ; elle pr\u00e9figure notre vie dans l\u2019Eternit\u00e9. Son d\u00e9part symbolise un nouveau mode de pr\u00e9sence, \u00e0 la fois tout int\u00e9rieure, universelle et hors du temps, car le Christ reste pr\u00e9sent dans les sacrements\u00a0et tout particuli\u00e8rement celui de l\u2019Eucharistie. Croire que le Christ ressuscit\u00e9 est entr\u00e9 dans la gloire est un acte de foi.<\/p>\n<figure id=\"attachment_3234\" aria-describedby=\"caption-attachment-3234\" style=\"width: 300px\" class=\"wp-caption aligncenter\"><a href=\"http:\/\/www.maria-valtorta.org\/Publication\/TOME%2010\/10-023.htm\"><img loading=\"lazy\" decoding=\"async\" class=\"size-medium wp-image-3234\" title=\"Ascension\" src=\"https:\/\/www.associationdemarie.org\/blog\/wp-content\/uploads\/2011\/05\/Ascension-300x300.jpg\" alt=\"\" width=\"300\" height=\"300\" srcset=\"https:\/\/www.associationdemarie.org\/blog\/wp-content\/uploads\/2011\/05\/Ascension-300x300.jpg 300w, https:\/\/www.associationdemarie.org\/blog\/wp-content\/uploads\/2011\/05\/Ascension-150x150.jpg 150w, https:\/\/www.associationdemarie.org\/blog\/wp-content\/uploads\/2011\/05\/Ascension.jpg 350w\" sizes=\"auto, (max-width: 300px) 100vw, 300px\" \/><\/a><figcaption id=\"caption-attachment-3234\" class=\"wp-caption-text\">Acc\u00e9der \u00e0 l&#39;Evangile selon Maria Valtorta<\/figcaption><\/figure>\n<p style=\"text-align: center;\">&nbsp;<\/p>\n","protected":false},"excerpt":{"rendered":"<p>du latin ascendere ; monter, s\u2019\u00e9lever \u00ab L\u2019Ascension du Seigneur \u00bb, c\u00e9l\u00e8bre l\u2019entr\u00e9e du Christ dans la gloire de Dieu, c&rsquo;est-\u00e0-dire la fin de sa pr\u00e9sence visible sur terre ; elle pr\u00e9figure notre vie dans l\u2019Eternit\u00e9. Son d\u00e9part symbolise un nouveau mode de pr\u00e9sence, \u00e0 la fois tout int\u00e9rieure, universelle et hors du temps, car [&hellip;]<\/p>\n","protected":false},"author":2,"featured_media":0,"comment_status":"closed","ping_status":"closed","sticky":false,"template":"","format":"standard","meta":{"footnotes":""},"categories":[3,13],"tags":[110,385,536,634,890],"class_list":["post-3233","post","type-post","status-publish","format-standard","hentry","category-liturgique","category-ecritures","tag-ascension","tag-eucharistie","tag-jesus-christ","tag-maria-valtorta","tag-ressucite"],"_links":{"self":[{"href":"https:\/\/www.associationdemarie.org\/blog\/wp-json\/wp\/v2\/posts\/3233","targetHints":{"allow":["GET"]}}],"collection":[{"href":"https:\/\/www.associationdemarie.org\/blog\/wp-json\/wp\/v2\/posts"}],"about":[{"href":"https:\/\/www.associationdemarie.org\/blog\/wp-json\/wp\/v2\/types\/post"}],"author":[{"embeddable":true,"href":"https:\/\/www.associationdemarie.org\/blog\/wp-json\/wp\/v2\/users\/2"}],"replies":[{"embeddable":true,"href":"https:\/\/www.associationdemarie.org\/blog\/wp-json\/wp\/v2\/comments?post=3233"}],"version-history":[{"count":0,"href":"https:\/\/www.associationdemarie.org\/blog\/wp-json\/wp\/v2\/posts\/3233\/revisions"}],"wp:attachment":[{"href":"https:\/\/www.associationdemarie.org\/blog\/wp-json\/wp\/v2\/media?parent=3233"}],"wp:term":[{"taxonomy":"category","embeddable":true,"href":"https:\/\/www.associationdemarie.org\/blog\/wp-json\/wp\/v2\/categories?post=3233"},{"taxonomy":"post_tag","embeddable":true,"href":"https:\/\/www.associationdemarie.org\/blog\/wp-json\/wp\/v2\/tags?post=3233"}],"curies":[{"name":"wp","href":"https:\/\/api.w.org\/{rel}","templated":true}]}}