{"id":3208,"date":"2011-05-30T01:31:47","date_gmt":"2011-05-30T01:31:47","guid":{"rendered":"http:\/\/preprod.meltem-int.com\/marie\/blog\/?p=3208"},"modified":"2011-05-30T01:31:47","modified_gmt":"2011-05-30T01:31:47","slug":"ste-jeanne-darc-vierge-1431-memoire-en-france-ou-elle-est-patronne-secondaire","status":"publish","type":"post","link":"https:\/\/www.associationdemarie.org\/blog\/ste-jeanne-darc-vierge-1431-memoire-en-france-ou-elle-est-patronne-secondaire\/","title":{"rendered":"Ste Jeanne d&rsquo;Arc, vierge (+1431) &#8211; M\u00e9moire en France o\u00f9 elle est patronne secondaire"},"content":{"rendered":"<p>L\u2019\u00e9tendard franc est souill\u00e9 de l\u2019all\u00e9geance des r\u00e9gnants du Royaume de France\u00a0 au commerce. A force de guerroyer pour l\u2019argent et la dote du pouvoir, vous avez mis ma banni\u00e8re en lambeau. L\u2019acte franc est de venir au devant de l\u2019autel et un genou en terre supplier les bonnes gr\u00e2ces de la M\u00e8re \u00e9ternelle et la grande Mis\u00e9ricorde de Dieu. La Terre va s\u2019emplir de boue couleur de sang. Les montagnes tomberont et les vagues de 25 \u00e0 30 m\u00e8tres de haut noieront les rivages. Quelques coud\u00e9es du pays int\u00e9rieur et des rives de la mer seront prot\u00e9g\u00e9es par la M\u00e8re divine. Je viens vous rappeler que nous sommes tous vassal de notre Dieu. Le Roi d\u00e9tr\u00f4n\u00e9 reviendra un jour apr\u00e8s des nuits et des jours de violence de la terre et des hommes. Aujourd\u2019hui encore, je viens sauver la France, pays ch\u00e9ri de la M\u00e8re des hommes afin que son \u00e9tendard brille \u00e0 jamais dans le c\u0153ur des hommes.<\/p>\n<p><a href=\"https:\/\/www.associationdemarie.org\/blog\/wp-content\/uploads\/2011\/05\/jeanne-arc.jpg\"><img loading=\"lazy\" decoding=\"async\" class=\"aligncenter size-medium wp-image-3209\" title=\"jeanne-arc\" src=\"https:\/\/www.associationdemarie.org\/blog\/wp-content\/uploads\/2011\/05\/jeanne-arc-235x300.jpg\" alt=\"\" width=\"235\" height=\"300\" srcset=\"https:\/\/www.associationdemarie.org\/blog\/wp-content\/uploads\/2011\/05\/jeanne-arc-235x300.jpg 235w, https:\/\/www.associationdemarie.org\/blog\/wp-content\/uploads\/2011\/05\/jeanne-arc.jpg 376w\" sizes=\"auto, (max-width: 235px) 100vw, 235px\" \/><\/a><\/p>\n<p>Encore une fois, je viens guerroyer \u00e0 vos c\u00f4t\u00e9s afin que l\u2019embl\u00e8me du lys de la France soit le lys de la blancheur, de la puret\u00e9 des c\u0153urs des fran\u00e7ais. Mes fr\u00e8res et s\u0153urs, suivez ma banni\u00e8re. La France est au roi, le roi est \u00e0 Dieu. Le chemin sera rude, la pri\u00e8re in\u00e9vitable en tous lieux. Suivez ma banni\u00e8re. Et pour toute pr\u00e9cision pour votre histoire, je n\u2019ai jamais \u00e9t\u00e9 la pucelle, je ne suis que Jeanne de Domr\u00e9mi. Je suis au devant de vous et je vous prie de me suivre. Et je prie en chaque jour que la victoire de Dieu fasse \u00e9clater la lumi\u00e8re du soleil sur le monde entier. Les sous de votre bourse ne sont que ferraille, m\u00eame les chevaux n\u2019osent m\u00eame plus les pi\u00e9tiner. C\u2019est le c\u0153ur en avant, le courage associ\u00e9 qui vous fera vaincre de l\u2019ignominie des hommes entre eux. Marie aime la France, aimez Marie. Merci.\u00a0Je suis Jeanne et je prie pour vous.<\/p>\n<p><em>Message du 15 mai 2011<\/em><\/p>\n<p><span style=\"color: #ffffff;\">.<\/span><\/p>\n","protected":false},"excerpt":{"rendered":"<p>L\u2019\u00e9tendard franc est souill\u00e9 de l\u2019all\u00e9geance des r\u00e9gnants du Royaume de France\u00a0 au commerce. A force de guerroyer pour l\u2019argent et la dote du pouvoir, vous avez mis ma banni\u00e8re en lambeau. L\u2019acte franc est de venir au devant de l\u2019autel et un genou en terre supplier les bonnes gr\u00e2ces de la M\u00e8re \u00e9ternelle et [&hellip;]<\/p>\n","protected":false},"author":2,"featured_media":0,"comment_status":"closed","ping_status":"closed","sticky":false,"template":"","format":"standard","meta":{"footnotes":""},"categories":[2,3,17,19,28],"tags":[380,432,640,678,1097,1135],"class_list":["post-3208","post","type-post","status-publish","format-standard","hentry","category-actualites","category-liturgique","category-maison-de-marie-dardouane","category-messages","category-saints-et-saintes","tag-etendard","tag-france","tag-marie-mere-des-hommes","tag-misericorde","tag-ste-jeanne-darc","tag-terre"],"_links":{"self":[{"href":"https:\/\/www.associationdemarie.org\/blog\/wp-json\/wp\/v2\/posts\/3208","targetHints":{"allow":["GET"]}}],"collection":[{"href":"https:\/\/www.associationdemarie.org\/blog\/wp-json\/wp\/v2\/posts"}],"about":[{"href":"https:\/\/www.associationdemarie.org\/blog\/wp-json\/wp\/v2\/types\/post"}],"author":[{"embeddable":true,"href":"https:\/\/www.associationdemarie.org\/blog\/wp-json\/wp\/v2\/users\/2"}],"replies":[{"embeddable":true,"href":"https:\/\/www.associationdemarie.org\/blog\/wp-json\/wp\/v2\/comments?post=3208"}],"version-history":[{"count":0,"href":"https:\/\/www.associationdemarie.org\/blog\/wp-json\/wp\/v2\/posts\/3208\/revisions"}],"wp:attachment":[{"href":"https:\/\/www.associationdemarie.org\/blog\/wp-json\/wp\/v2\/media?parent=3208"}],"wp:term":[{"taxonomy":"category","embeddable":true,"href":"https:\/\/www.associationdemarie.org\/blog\/wp-json\/wp\/v2\/categories?post=3208"},{"taxonomy":"post_tag","embeddable":true,"href":"https:\/\/www.associationdemarie.org\/blog\/wp-json\/wp\/v2\/tags?post=3208"}],"curies":[{"name":"wp","href":"https:\/\/api.w.org\/{rel}","templated":true}]}}