{"id":3111,"date":"2011-05-15T01:36:28","date_gmt":"2011-05-15T01:36:28","guid":{"rendered":"http:\/\/preprod.meltem-int.com\/marie\/blog\/?p=3111"},"modified":"2011-05-15T01:36:28","modified_gmt":"2011-05-15T01:36:28","slug":"je-suis-la-porte","status":"publish","type":"post","link":"https:\/\/www.associationdemarie.org\/blog\/je-suis-la-porte\/","title":{"rendered":"Je suis la Porte"},"content":{"rendered":"<p><em><a href=\"https:\/\/www.associationdemarie.org\/blog\/wp-content\/uploads\/2011\/05\/Jean-Paul-2-Jesus-divine-Misericorde.jpg\"><img loading=\"lazy\" decoding=\"async\" class=\"alignright size-full wp-image-3112\" title=\"Jean Paul 2-Jesus-divine-Misericorde\" src=\"https:\/\/www.associationdemarie.org\/blog\/wp-content\/uploads\/2011\/05\/Jean-Paul-2-Jesus-divine-Misericorde.jpg\" alt=\"\" width=\"195\" height=\"331\" srcset=\"https:\/\/www.associationdemarie.org\/blog\/wp-content\/uploads\/2011\/05\/Jean-Paul-2-Jesus-divine-Misericorde.jpg 278w, https:\/\/www.associationdemarie.org\/blog\/wp-content\/uploads\/2011\/05\/Jean-Paul-2-Jesus-divine-Misericorde-176x300.jpg 176w\" sizes=\"auto, (max-width: 195px) 100vw, 195px\" \/><\/a>Mes fr\u00e8res, Mon P\u00e8re a rappel\u00e9 le chef de votre Eglise. Ma M\u00e8re personnellement est venue l\u2019accueillir pour rendre hommage \u00e0 sa saintet\u00e9 terrestre. Ce grand pr\u00e9lat vous a apport\u00e9 sa croix pour vous ouvrir les yeux sur la Sainte M\u00e8re des hommes, Marie\u00a0; il \u00e9tait boulevers\u00e9 par sa pr\u00e9sence et lui a confi\u00e9 sa vie pour les hommes et l\u2019union des hommes. Il a cru en l\u2019homme et beaucoup l\u2019ont suivi, d\u2019autres se sont d\u00e9tourn\u00e9s de lui dans la haine et la violence.<\/em><\/p>\n<p><em>Aujourd\u2019hui, il est un Saint parmi les Saints, sa sanctification sera \u00e9clair dans les temps. Maintenant que mon fr\u00e8re vous a ouvert les portes \u00e0 Mon appel, rejoignez-le dans la pri\u00e8re et la contemplation pour que l\u2019homme se convertisse et rejoigne la table de Dieu le P\u00e8re\u00a0; Mon P\u00e8re invite tout homme \u00e0 Son Festin final pour r\u00e9unir tous Ses Enfants et renouveler Sa terre dans l\u2019Amour et la Paix.<\/em><\/p>\n<p><em>J\u00e9sus de Nazareth &#8211; message d&rsquo;avril 2005<\/em><\/p>\n<p>&nbsp;<\/p>\n","protected":false},"excerpt":{"rendered":"<p>Mes fr\u00e8res, Mon P\u00e8re a rappel\u00e9 le chef de votre Eglise. Ma M\u00e8re personnellement est venue l\u2019accueillir pour rendre hommage \u00e0 sa saintet\u00e9 terrestre. Ce grand pr\u00e9lat vous a apport\u00e9 sa croix pour vous ouvrir les yeux sur la Sainte M\u00e8re des hommes, Marie\u00a0; il \u00e9tait boulevers\u00e9 par sa pr\u00e9sence et lui a confi\u00e9 sa [&hellip;]<\/p>\n","protected":false},"author":2,"featured_media":0,"comment_status":"closed","ping_status":"closed","sticky":false,"template":"","format":"standard","meta":{"footnotes":""},"categories":[2,3,19,28],"tags":[65,406,525,537,663],"class_list":["post-3111","post","type-post","status-publish","format-standard","hentry","category-actualites","category-liturgique","category-messages","category-saints-et-saintes","tag-amour-et-paix","tag-festin","tag-jean-paul-2","tag-jesus-de-nazareth","tag-mere"],"_links":{"self":[{"href":"https:\/\/www.associationdemarie.org\/blog\/wp-json\/wp\/v2\/posts\/3111","targetHints":{"allow":["GET"]}}],"collection":[{"href":"https:\/\/www.associationdemarie.org\/blog\/wp-json\/wp\/v2\/posts"}],"about":[{"href":"https:\/\/www.associationdemarie.org\/blog\/wp-json\/wp\/v2\/types\/post"}],"author":[{"embeddable":true,"href":"https:\/\/www.associationdemarie.org\/blog\/wp-json\/wp\/v2\/users\/2"}],"replies":[{"embeddable":true,"href":"https:\/\/www.associationdemarie.org\/blog\/wp-json\/wp\/v2\/comments?post=3111"}],"version-history":[{"count":0,"href":"https:\/\/www.associationdemarie.org\/blog\/wp-json\/wp\/v2\/posts\/3111\/revisions"}],"wp:attachment":[{"href":"https:\/\/www.associationdemarie.org\/blog\/wp-json\/wp\/v2\/media?parent=3111"}],"wp:term":[{"taxonomy":"category","embeddable":true,"href":"https:\/\/www.associationdemarie.org\/blog\/wp-json\/wp\/v2\/categories?post=3111"},{"taxonomy":"post_tag","embeddable":true,"href":"https:\/\/www.associationdemarie.org\/blog\/wp-json\/wp\/v2\/tags?post=3111"}],"curies":[{"name":"wp","href":"https:\/\/api.w.org\/{rel}","templated":true}]}}