{"id":3104,"date":"2011-05-13T01:19:28","date_gmt":"2011-05-13T01:19:28","guid":{"rendered":"http:\/\/preprod.meltem-int.com\/marie\/blog\/?p=3104"},"modified":"2011-05-13T01:19:28","modified_gmt":"2011-05-13T01:19:28","slug":"ma-chair-est-la-vraie-nourriture","status":"publish","type":"post","link":"https:\/\/www.associationdemarie.org\/blog\/ma-chair-est-la-vraie-nourriture\/","title":{"rendered":"Ma chair est la vraie nourriture"},"content":{"rendered":"<p><strong><a href=\"https:\/\/www.associationdemarie.org\/blog\/wp-content\/uploads\/2011\/05\/Saint_Sacrement.gif\"><img loading=\"lazy\" decoding=\"async\" class=\"alignright size-full wp-image-3105\" title=\"Saint_Sacrement\" src=\"https:\/\/www.associationdemarie.org\/blog\/wp-content\/uploads\/2011\/05\/Saint_Sacrement.gif\" alt=\"\" width=\"189\" height=\"153\" \/><\/a>\u00c9vangile de J\u00e9sus-Christ selon saint Jean\u00a0<span dir=\"ltr\">6,52-59.<\/span> <\/strong><br \/>\n<span>L<\/span>es Juifs discutaient entre eux\u00a0: \u00ab\u00a0Comment cet homme-l\u00e0 peut-il nous donner sa chair \u00e0 manger\u00a0?\u00a0\u00bb<br \/>\nJ\u00e9sus leur dit alors\u00a0: \u00ab\u00a0Amen, amen, je vous le dis\u00a0: si vous ne mangez pas la chair du Fils de l&rsquo;homme, et si vous ne buvez pas son sang, vous n&rsquo;aurez pas la vie en vous.<br \/>\nCelui qui mange ma chair et boit mon sang a la vie \u00e9ternelle\u00a0; et moi, je le ressusciterai au dernier jour.<br \/>\nEn effet, ma chair est la vraie nourriture, et mon sang est la vraie boisson.<br \/>\nCelui qui mange ma chair et boit mon sang demeure en moi, et moi je demeure en lui.<br \/>\nDe m\u00eame que le P\u00e8re, qui est vivant, m&rsquo;a envoy\u00e9, et que moi je vis par le P\u00e8re, de m\u00eame aussi celui qui me mangera vivra par moi.<br \/>\nTel est le pain qui descend du ciel\u00a0: il n&rsquo;est pas comme celui que vos p\u00e8res ont mang\u00e9. Eux, ils sont morts\u00a0; celui qui mange ce pain vivra \u00e9ternellement.\u00a0\u00bb<br \/>\nVoil\u00e0 ce que J\u00e9sus a dit, dans son enseignement \u00e0 la synagogue de Capharna\u00fcm.<\/p>\n<p><span style=\"color: #ffffff;\">.<\/span><\/p>\n","protected":false},"excerpt":{"rendered":"<p>\u00c9vangile de J\u00e9sus-Christ selon saint Jean\u00a06,52-59. Les Juifs discutaient entre eux\u00a0: \u00ab\u00a0Comment cet homme-l\u00e0 peut-il nous donner sa chair \u00e0 manger\u00a0?\u00a0\u00bb J\u00e9sus leur dit alors\u00a0: \u00ab\u00a0Amen, amen, je vous le dis\u00a0: si vous ne mangez pas la chair du Fils de l&rsquo;homme, et si vous ne buvez pas son sang, vous n&rsquo;aurez pas la vie [&hellip;]<\/p>\n","protected":false},"author":2,"featured_media":0,"comment_status":"closed","ping_status":"closed","sticky":false,"template":"","format":"standard","meta":{"footnotes":""},"categories":[3,13],"tags":[183,195,1382,385,535,792,956,1041,1187],"class_list":["post-3104","post","type-post","status-publish","format-standard","hentry","category-liturgique","category-ecritures","tag-capharnaum","tag-chair","tag-ecritures","tag-eucharistie","tag-jesus","tag-pere","tag-sang","tag-st-jean","tag-vie-eternelle"],"_links":{"self":[{"href":"https:\/\/www.associationdemarie.org\/blog\/wp-json\/wp\/v2\/posts\/3104","targetHints":{"allow":["GET"]}}],"collection":[{"href":"https:\/\/www.associationdemarie.org\/blog\/wp-json\/wp\/v2\/posts"}],"about":[{"href":"https:\/\/www.associationdemarie.org\/blog\/wp-json\/wp\/v2\/types\/post"}],"author":[{"embeddable":true,"href":"https:\/\/www.associationdemarie.org\/blog\/wp-json\/wp\/v2\/users\/2"}],"replies":[{"embeddable":true,"href":"https:\/\/www.associationdemarie.org\/blog\/wp-json\/wp\/v2\/comments?post=3104"}],"version-history":[{"count":0,"href":"https:\/\/www.associationdemarie.org\/blog\/wp-json\/wp\/v2\/posts\/3104\/revisions"}],"wp:attachment":[{"href":"https:\/\/www.associationdemarie.org\/blog\/wp-json\/wp\/v2\/media?parent=3104"}],"wp:term":[{"taxonomy":"category","embeddable":true,"href":"https:\/\/www.associationdemarie.org\/blog\/wp-json\/wp\/v2\/categories?post=3104"},{"taxonomy":"post_tag","embeddable":true,"href":"https:\/\/www.associationdemarie.org\/blog\/wp-json\/wp\/v2\/tags?post=3104"}],"curies":[{"name":"wp","href":"https:\/\/api.w.org\/{rel}","templated":true}]}}