{"id":3007,"date":"2011-04-28T01:11:15","date_gmt":"2011-04-28T01:11:15","guid":{"rendered":"http:\/\/preprod.meltem-int.com\/marie\/blog\/?p=3007"},"modified":"2011-04-28T01:11:15","modified_gmt":"2011-04-28T01:11:15","slug":"consecration-a-marie","status":"publish","type":"post","link":"https:\/\/www.associationdemarie.org\/blog\/consecration-a-marie\/","title":{"rendered":"Cons\u00e9cration \u00e0 Marie"},"content":{"rendered":"<h2><a href=\"https:\/\/www.associationdemarie.org\/blog\/wp-content\/uploads\/2011\/04\/Marie.jpg\"><img loading=\"lazy\" decoding=\"async\" class=\"alignright size-medium wp-image-3010\" title=\"Marie\" src=\"https:\/\/www.associationdemarie.org\/blog\/wp-content\/uploads\/2011\/04\/Marie-214x300.jpg\" alt=\"\" width=\"171\" height=\"240\" srcset=\"https:\/\/www.associationdemarie.org\/blog\/wp-content\/uploads\/2011\/04\/Marie-214x300.jpg 214w, https:\/\/www.associationdemarie.org\/blog\/wp-content\/uploads\/2011\/04\/Marie.jpg 250w\" sizes=\"auto, (max-width: 171px) 100vw, 171px\" \/><\/a>A Marie<\/h2>\n<p>&nbsp;<\/p>\n<p>Je vous choisis, aujourd\u2019hui, \u00f4 Marie,<br \/>\nen pr\u00e9sence de toute la Cour C\u00e9leste,<br \/>\npour ma M\u00e8re et ma Reine.<\/p>\n<p>Je vous livre et consacre,<br \/>\nen toute soumission et amour,<br \/>\nmon corps et mon \u00e2me,<br \/>\nmes biens int\u00e9rieurs et ext\u00e9rieurs,<br \/>\net la valeur m\u00eame de mes bonnes actions<br \/>\npass\u00e9es, pr\u00e9sentes et futures,<br \/>\nvous laissant un entier et plein droit<br \/>\nde disposer de moi<br \/>\net de tout ce qui m\u2019appartient,<br \/>\nsans exception,<br \/>\nselon votre bon plaisir,<br \/>\n\u00e0 la plus grande Gloire de Dieu,<br \/>\ndans le temps et l\u2019\u00e9ternit\u00e9.<\/p>\n<p>Amen<\/p>\n<p><em>Saint Louis Marie Grignion de Montfort<\/em><\/p>\n<p>&nbsp;<\/p>\n","protected":false},"excerpt":{"rendered":"<p>A Marie &nbsp; Je vous choisis, aujourd\u2019hui, \u00f4 Marie, en pr\u00e9sence de toute la Cour C\u00e9leste, pour ma M\u00e8re et ma Reine. Je vous livre et consacre, en toute soumission et amour, mon corps et mon \u00e2me, mes biens int\u00e9rieurs et ext\u00e9rieurs, et la valeur m\u00eame de mes bonnes actions pass\u00e9es, pr\u00e9sentes et futures, vous [&hellip;]<\/p>\n","protected":false},"author":2,"featured_media":0,"comment_status":"closed","ping_status":"closed","sticky":false,"template":"","format":"standard","meta":{"footnotes":""},"categories":[27,28],"tags":[254,830,1054],"class_list":["post-3007","post","type-post","status-publish","format-standard","hentry","category-prieres","category-saints-et-saintes","tag-consecration-a-marie","tag-priere","tag-st-louis-marie-grignion-de-montfort"],"_links":{"self":[{"href":"https:\/\/www.associationdemarie.org\/blog\/wp-json\/wp\/v2\/posts\/3007","targetHints":{"allow":["GET"]}}],"collection":[{"href":"https:\/\/www.associationdemarie.org\/blog\/wp-json\/wp\/v2\/posts"}],"about":[{"href":"https:\/\/www.associationdemarie.org\/blog\/wp-json\/wp\/v2\/types\/post"}],"author":[{"embeddable":true,"href":"https:\/\/www.associationdemarie.org\/blog\/wp-json\/wp\/v2\/users\/2"}],"replies":[{"embeddable":true,"href":"https:\/\/www.associationdemarie.org\/blog\/wp-json\/wp\/v2\/comments?post=3007"}],"version-history":[{"count":0,"href":"https:\/\/www.associationdemarie.org\/blog\/wp-json\/wp\/v2\/posts\/3007\/revisions"}],"wp:attachment":[{"href":"https:\/\/www.associationdemarie.org\/blog\/wp-json\/wp\/v2\/media?parent=3007"}],"wp:term":[{"taxonomy":"category","embeddable":true,"href":"https:\/\/www.associationdemarie.org\/blog\/wp-json\/wp\/v2\/categories?post=3007"},{"taxonomy":"post_tag","embeddable":true,"href":"https:\/\/www.associationdemarie.org\/blog\/wp-json\/wp\/v2\/tags?post=3007"}],"curies":[{"name":"wp","href":"https:\/\/api.w.org\/{rel}","templated":true}]}}