{"id":2985,"date":"2011-04-27T01:41:15","date_gmt":"2011-04-27T01:41:15","guid":{"rendered":"http:\/\/preprod.meltem-int.com\/marie\/blog\/?p=2985"},"modified":"2011-04-27T01:41:15","modified_gmt":"2011-04-27T01:41:15","slug":"emmaus-3","status":"publish","type":"post","link":"https:\/\/www.associationdemarie.org\/blog\/emmaus-3\/","title":{"rendered":"Emma\u00fcs"},"content":{"rendered":"<figure id=\"attachment_2986\" aria-describedby=\"caption-attachment-2986\" style=\"width: 300px\" class=\"wp-caption aligncenter\"><a href=\"https:\/\/www.associationdemarie.org\/blog\/wp-content\/uploads\/2011\/04\/Arcabas-Emmaus.jpg\"><img loading=\"lazy\" decoding=\"async\" class=\"size-medium wp-image-2986\" title=\"Arcabas Emmaus\" src=\"https:\/\/www.associationdemarie.org\/blog\/wp-content\/uploads\/2011\/04\/Arcabas-Emmaus-300x204.jpg\" alt=\"\" width=\"300\" height=\"204\" srcset=\"https:\/\/www.associationdemarie.org\/blog\/wp-content\/uploads\/2011\/04\/Arcabas-Emmaus-300x204.jpg 300w, https:\/\/www.associationdemarie.org\/blog\/wp-content\/uploads\/2011\/04\/Arcabas-Emmaus.jpg 628w\" sizes=\"auto, (max-width: 300px) 100vw, 300px\" \/><\/a><figcaption id=\"caption-attachment-2986\" class=\"wp-caption-text\">Emmaus - Arcabas<\/figcaption><\/figure>\n<p><strong>\u00ab\u00a0Il prit le pain, le b\u00e9nit, le rompit et le leur donna. Alors leurs yeux s&rsquo;ouvrirent\u00a0\u00bb<\/strong><\/p>\n<p>L&rsquo;ic\u00f4ne des disciples d&rsquo;Emma\u00fcs aide bien&#8230;l&rsquo;\u00c9glise [\u00e0 \u00eatre] particuli\u00e8rement attentive \u00e0 vivre le myst\u00e8re de la Sainte Eucharistie. Sur la route de nos interrogations et de nos inqui\u00e9tudes, parfois de nos cuisantes d\u00e9ceptions, le divin Voyageur continue \u00e0 se faire notre compagnon pour nous introduire, en interpr\u00e9tant les \u00c9critures, \u00e0 la compr\u00e9hension des myst\u00e8res de Dieu. Quand la rencontre devient totale, \u00e0 la lumi\u00e8re de la parole succ\u00e8de la lumi\u00e8re qui jaillit du \u00ab Pain de vie \u00bb (Jn 6,35), par lequel le Christ r\u00e9alise de la mani\u00e8re le plus haute sa promesse d&rsquo;\u00eatre avec nous \u00ab tous les jours jusqu&rsquo;\u00e0 la fin du monde \u00bb (Mt 28,20)&#8230;<\/p>\n<p>Le r\u00e9cit de l&rsquo;apparition de J\u00e9sus ressuscit\u00e9 aux deux disciples d&rsquo;Emma\u00fcs nous aide \u00e0 relever un premier aspect du myst\u00e8re eucharistique qui doit toujours \u00eatre pr\u00e9sent dans la d\u00e9votion du Peuple de Dieu : l&rsquo;eucharistie myst\u00e8re lumineux !&#8230; J\u00e9sus s&rsquo;est qualifi\u00e9 lui-m\u00eame de \u00ab lumi\u00e8re du monde \u00bb (Jn 8,12), et cette caract\u00e9ristique est bien mise en \u00e9vidence par des moments de sa vie tels que la Transfiguration et la R\u00e9surrection, o\u00f9 sa gloire divine resplendit clairement. Dans l&rsquo;eucharistie, au contraire, la gloire du Christ est voil\u00e9e. Le sacrement de l&rsquo;eucharistie est le \u00ab mysterium fidei \u00bb par excellence. C&rsquo;est donc pr\u00e9cis\u00e9ment \u00e0 travers le myst\u00e8re de son enfouissement total que le Christ se fait myst\u00e8re lumineux, gr\u00e2ce auquel le croyant est introduit dans la profondeur de la vie divine&#8230;<\/p>\n<p>L&rsquo;eucharistie est lumi\u00e8re avant tout parce que, \u00e0 chaque messe, la liturgie de la Parole de Dieu pr\u00e9c\u00e8de la liturgie eucharistique, dans l&rsquo;unit\u00e9 des deux \u00ab tables \u00bb, celle de la Parole et celle du Pain&#8230; Dans le r\u00e9cit des disciples d&rsquo;Emma\u00fcs, le Christ lui-m\u00eame intervient pour montrer, \u00ab partant de Mo\u00efse et de tous les proph\u00e8tes \u00bb, que \u00ab toute l&rsquo;\u00c9criture \u00bb conduit au myst\u00e8re de sa personne. Ses paroles font br\u00fbler le c\u0153ur des disciples, les soustraient \u00e0 l&rsquo;obscurit\u00e9 de la tristesse et du d\u00e9sespoir, et suscitent en eux le d\u00e9sir de demeurer avec lui : \u00ab Reste avec nous, Seigneur \u00bb.<\/p>\n<p>Jean-Paul II<br \/>\n<em>Lettre apostolique \u00ab Mane nobiscum Domine \u00bb \u00a72,11-12 (trad. DC 2323 7\/11\/04 \u00a9 copyright Libreria Editrice Vaticana)<\/em><\/p>\n<p><span style=\"color: #ffffff;\"><em>.<\/em><\/span><\/p>\n","protected":false},"excerpt":{"rendered":"<p>\u00ab\u00a0Il prit le pain, le b\u00e9nit, le rompit et le leur donna. Alors leurs yeux s&rsquo;ouvrirent\u00a0\u00bb L&rsquo;ic\u00f4ne des disciples d&rsquo;Emma\u00fcs aide bien&#8230;l&rsquo;\u00c9glise [\u00e0 \u00eatre] particuli\u00e8rement attentive \u00e0 vivre le myst\u00e8re de la Sainte Eucharistie. Sur la route de nos interrogations et de nos inqui\u00e9tudes, parfois de nos cuisantes d\u00e9ceptions, le divin Voyageur continue \u00e0 se [&hellip;]<\/p>\n","protected":false},"author":2,"featured_media":0,"comment_status":"closed","ping_status":"closed","sticky":false,"template":"","format":"standard","meta":{"footnotes":""},"categories":[3,4,9,13,28],"tags":[105,347,525,535,755,763,892],"class_list":["post-2985","post","type-post","status-publish","format-standard","hentry","category-liturgique","category-iconographie","category-careme-2011","category-ecritures","category-saints-et-saintes","tag-art","tag-emmaus","tag-jean-paul-2","tag-jesus","tag-pain-de-vie","tag-paques","tag-resurrection"],"_links":{"self":[{"href":"https:\/\/www.associationdemarie.org\/blog\/wp-json\/wp\/v2\/posts\/2985","targetHints":{"allow":["GET"]}}],"collection":[{"href":"https:\/\/www.associationdemarie.org\/blog\/wp-json\/wp\/v2\/posts"}],"about":[{"href":"https:\/\/www.associationdemarie.org\/blog\/wp-json\/wp\/v2\/types\/post"}],"author":[{"embeddable":true,"href":"https:\/\/www.associationdemarie.org\/blog\/wp-json\/wp\/v2\/users\/2"}],"replies":[{"embeddable":true,"href":"https:\/\/www.associationdemarie.org\/blog\/wp-json\/wp\/v2\/comments?post=2985"}],"version-history":[{"count":0,"href":"https:\/\/www.associationdemarie.org\/blog\/wp-json\/wp\/v2\/posts\/2985\/revisions"}],"wp:attachment":[{"href":"https:\/\/www.associationdemarie.org\/blog\/wp-json\/wp\/v2\/media?parent=2985"}],"wp:term":[{"taxonomy":"category","embeddable":true,"href":"https:\/\/www.associationdemarie.org\/blog\/wp-json\/wp\/v2\/categories?post=2985"},{"taxonomy":"post_tag","embeddable":true,"href":"https:\/\/www.associationdemarie.org\/blog\/wp-json\/wp\/v2\/tags?post=2985"}],"curies":[{"name":"wp","href":"https:\/\/api.w.org\/{rel}","templated":true}]}}