{"id":2967,"date":"2011-04-23T01:21:44","date_gmt":"2011-04-23T01:21:44","guid":{"rendered":"http:\/\/preprod.meltem-int.com\/marie\/blog\/?p=2967"},"modified":"2011-04-23T01:21:44","modified_gmt":"2011-04-23T01:21:44","slug":"2967","status":"publish","type":"post","link":"https:\/\/www.associationdemarie.org\/blog\/2967\/","title":{"rendered":""},"content":{"rendered":"<p><a href=\"https:\/\/www.associationdemarie.org\/blog\/wp-content\/uploads\/2011\/04\/VISAGE-DU-CHRIST-ET-SUAIRE.jpg\"><img loading=\"lazy\" decoding=\"async\" class=\"aligncenter size-medium wp-image-2968\" title=\"VISAGE DU CHRIST  ET SUAIRE\" src=\"https:\/\/www.associationdemarie.org\/blog\/wp-content\/uploads\/2011\/04\/VISAGE-DU-CHRIST-ET-SUAIRE-208x300.jpg\" alt=\"\" width=\"208\" height=\"300\" srcset=\"https:\/\/www.associationdemarie.org\/blog\/wp-content\/uploads\/2011\/04\/VISAGE-DU-CHRIST-ET-SUAIRE-208x300.jpg 208w, https:\/\/www.associationdemarie.org\/blog\/wp-content\/uploads\/2011\/04\/VISAGE-DU-CHRIST-ET-SUAIRE-712x1024.jpg 712w, https:\/\/www.associationdemarie.org\/blog\/wp-content\/uploads\/2011\/04\/VISAGE-DU-CHRIST-ET-SUAIRE.jpg 907w\" sizes=\"auto, (max-width: 208px) 100vw, 208px\" \/><\/a><\/p>\n<p>\u00ab\u00a0Comment nous parle le Suaire? s&rsquo;est interrog\u00e9 Beno\u00eet XVI. Il parle avec le sang et le sang est la vie! Le Suaire est une ic\u00f4ne \u00e9crite avec le sang, le sang d&rsquo;un homme flagell\u00e9, couronn\u00e9 d&rsquo;\u00e9pines, crucifi\u00e9 et bless\u00e9 au c\u00f4t\u00e9 droit. L&rsquo;image imprim\u00e9e sur le Suaire est celle d&rsquo;un mort, mais le sang parle de sa vie. Toute trace de sang parle d&rsquo;amour et de vie&#8230; C&rsquo;est comme une source qui murmure dans le silence et nous pouvons&#8230;l&rsquo;entendre, dans le silence du Samedi Saint\u00a0\u00bb.<\/p>\n<p><span style=\"color: #ffffff;\">.<\/span><\/p>\n","protected":false},"excerpt":{"rendered":"<p>\u00ab\u00a0Comment nous parle le Suaire? s&rsquo;est interrog\u00e9 Beno\u00eet XVI. Il parle avec le sang et le sang est la vie! Le Suaire est une ic\u00f4ne \u00e9crite avec le sang, le sang d&rsquo;un homme flagell\u00e9, couronn\u00e9 d&rsquo;\u00e9pines, crucifi\u00e9 et bless\u00e9 au c\u00f4t\u00e9 droit. L&rsquo;image imprim\u00e9e sur le Suaire est celle d&rsquo;un mort, mais le sang parle [&hellip;]<\/p>\n","protected":false},"author":2,"featured_media":0,"comment_status":"closed","ping_status":"closed","sticky":false,"template":"","format":"standard","meta":{"footnotes":""},"categories":[9],"tags":[142,184,220,931,935],"class_list":["post-2967","post","type-post","status-publish","format-standard","hentry","category-careme-2011","tag-benoit-16","tag-careme","tag-christ","tag-saint-suaire","tag-sainte-face"],"_links":{"self":[{"href":"https:\/\/www.associationdemarie.org\/blog\/wp-json\/wp\/v2\/posts\/2967","targetHints":{"allow":["GET"]}}],"collection":[{"href":"https:\/\/www.associationdemarie.org\/blog\/wp-json\/wp\/v2\/posts"}],"about":[{"href":"https:\/\/www.associationdemarie.org\/blog\/wp-json\/wp\/v2\/types\/post"}],"author":[{"embeddable":true,"href":"https:\/\/www.associationdemarie.org\/blog\/wp-json\/wp\/v2\/users\/2"}],"replies":[{"embeddable":true,"href":"https:\/\/www.associationdemarie.org\/blog\/wp-json\/wp\/v2\/comments?post=2967"}],"version-history":[{"count":0,"href":"https:\/\/www.associationdemarie.org\/blog\/wp-json\/wp\/v2\/posts\/2967\/revisions"}],"wp:attachment":[{"href":"https:\/\/www.associationdemarie.org\/blog\/wp-json\/wp\/v2\/media?parent=2967"}],"wp:term":[{"taxonomy":"category","embeddable":true,"href":"https:\/\/www.associationdemarie.org\/blog\/wp-json\/wp\/v2\/categories?post=2967"},{"taxonomy":"post_tag","embeddable":true,"href":"https:\/\/www.associationdemarie.org\/blog\/wp-json\/wp\/v2\/tags?post=2967"}],"curies":[{"name":"wp","href":"https:\/\/api.w.org\/{rel}","templated":true}]}}