{"id":2937,"date":"2011-04-22T01:30:00","date_gmt":"2011-04-22T01:30:00","guid":{"rendered":"http:\/\/preprod.meltem-int.com\/marie\/blog\/?p=2937"},"modified":"2011-04-22T01:30:00","modified_gmt":"2011-04-22T01:30:00","slug":"vendredi-saint-3","status":"publish","type":"post","link":"https:\/\/www.associationdemarie.org\/blog\/vendredi-saint-3\/","title":{"rendered":"Vendredi Saint"},"content":{"rendered":"<p>\u00ab\u00a0Mes enfants, je ne vous demande qu\u2019une chose, d\u2019apporter l\u2019amour \u00e0 vos enfants, comme celui que j\u2019ai apport\u00e9 \u00e0 mon Fils. Vos enfants n\u2019iront pas sur la croix, le mien y a \u00e9t\u00e9 et aujourd\u2019hui encore vous Le remettez sur la croix parce que vous n\u2019avez pas compris la premi\u00e8re fois.\u00a0\u00bb<br \/>\nMarie M\u00e8re des hommes &#8211; f\u00e9vrier 1998<\/p>\n<figure id=\"attachment_2938\" aria-describedby=\"caption-attachment-2938\" style=\"width: 300px\" class=\"wp-caption aligncenter\"><a href=\"https:\/\/www.associationdemarie.org\/blog\/wp-content\/uploads\/2011\/04\/calvaire.jpg\"><img loading=\"lazy\" decoding=\"async\" class=\"size-medium wp-image-2938\" title=\"calvaire\" src=\"https:\/\/www.associationdemarie.org\/blog\/wp-content\/uploads\/2011\/04\/calvaire-300x214.jpg\" alt=\"\" width=\"300\" height=\"214\" srcset=\"https:\/\/www.associationdemarie.org\/blog\/wp-content\/uploads\/2011\/04\/calvaire-300x214.jpg 300w, https:\/\/www.associationdemarie.org\/blog\/wp-content\/uploads\/2011\/04\/calvaire.jpg 614w\" sizes=\"auto, (max-width: 300px) 100vw, 300px\" \/><\/a><figcaption id=\"caption-attachment-2938\" class=\"wp-caption-text\">Andrea Mantegna Le Calvaire Entre 1457 et 1460<\/figcaption><\/figure>\n<p style=\"text-align: center;\">&nbsp;<\/p>\n<p>\u00ab\u00a0Les plaies de mon Fils se sont rouvertes et le sang s\u2019en \u00e9coule sans discontinuer, la Parole de mon Fils n\u2019est pas entendue par les hommes. Les larmes coulent de mon visage et inondent mes pieds, la douleur nous \u00e9treint de voir ce monde se d\u00e9sint\u00e9resser de lui-m\u00eame. Parlez de mon Fils aux hommes, parlez de Son enseignement et du besoin que vous devez de conna\u00eetre Sa parole, pour l\u2019Amour et la Paix envers votre prochain.\u00a0\u00bb<br \/>\nMarie M\u00e8re des hommes &#8211; d\u00e9cembre 1996<\/p>\n<p>\u00ab\u00a0Venez prier et je\u00fbner au pied du calvaire, vous serez sauv\u00e9s par le sang de mon Fils.\u00a0\u00bb<br \/>\nMarie M\u00e8re des hommes &#8211; ao\u00fbt 1995<\/p>\n<p>&nbsp;<\/p>\n","protected":false},"excerpt":{"rendered":"<p>\u00ab\u00a0Mes enfants, je ne vous demande qu\u2019une chose, d\u2019apporter l\u2019amour \u00e0 vos enfants, comme celui que j\u2019ai apport\u00e9 \u00e0 mon Fils. Vos enfants n\u2019iront pas sur la croix, le mien y a \u00e9t\u00e9 et aujourd\u2019hui encore vous Le remettez sur la croix parce que vous n\u2019avez pas compris la premi\u00e8re fois.\u00a0\u00bb Marie M\u00e8re des hommes [&hellip;]<\/p>\n","protected":false},"author":2,"featured_media":0,"comment_status":"closed","ping_status":"closed","sticky":false,"template":"","format":"standard","meta":{"footnotes":""},"categories":[3,4,9,19],"tags":[65,178,184,413,770,956,972,1177],"class_list":["post-2937","post","type-post","status-publish","format-standard","hentry","category-liturgique","category-iconographie","category-careme-2011","category-messages","tag-amour-et-paix","tag-calvaire","tag-careme","tag-fils","tag-parole","tag-sang","tag-semaine-sainte","tag-vendredi-saint"],"_links":{"self":[{"href":"https:\/\/www.associationdemarie.org\/blog\/wp-json\/wp\/v2\/posts\/2937","targetHints":{"allow":["GET"]}}],"collection":[{"href":"https:\/\/www.associationdemarie.org\/blog\/wp-json\/wp\/v2\/posts"}],"about":[{"href":"https:\/\/www.associationdemarie.org\/blog\/wp-json\/wp\/v2\/types\/post"}],"author":[{"embeddable":true,"href":"https:\/\/www.associationdemarie.org\/blog\/wp-json\/wp\/v2\/users\/2"}],"replies":[{"embeddable":true,"href":"https:\/\/www.associationdemarie.org\/blog\/wp-json\/wp\/v2\/comments?post=2937"}],"version-history":[{"count":0,"href":"https:\/\/www.associationdemarie.org\/blog\/wp-json\/wp\/v2\/posts\/2937\/revisions"}],"wp:attachment":[{"href":"https:\/\/www.associationdemarie.org\/blog\/wp-json\/wp\/v2\/media?parent=2937"}],"wp:term":[{"taxonomy":"category","embeddable":true,"href":"https:\/\/www.associationdemarie.org\/blog\/wp-json\/wp\/v2\/categories?post=2937"},{"taxonomy":"post_tag","embeddable":true,"href":"https:\/\/www.associationdemarie.org\/blog\/wp-json\/wp\/v2\/tags?post=2937"}],"curies":[{"name":"wp","href":"https:\/\/api.w.org\/{rel}","templated":true}]}}