{"id":2903,"date":"2011-04-12T01:12:28","date_gmt":"2011-04-12T01:12:28","guid":{"rendered":"http:\/\/preprod.meltem-int.com\/marie\/blog\/?p=2903"},"modified":"2011-04-12T01:12:28","modified_gmt":"2011-04-12T01:12:28","slug":"prochaine-rencontre-5","status":"publish","type":"post","link":"https:\/\/www.associationdemarie.org\/blog\/prochaine-rencontre-5\/","title":{"rendered":"Prochaine rencontre"},"content":{"rendered":"<p><a href=\"https:\/\/www.associationdemarie.org\/blog\/wp-content\/uploads\/2010\/11\/agenda3.gif\"><img loading=\"lazy\" decoding=\"async\" class=\"alignleft size-full wp-image-1704\" title=\"agenda3\" src=\"https:\/\/www.associationdemarie.org\/blog\/wp-content\/uploads\/2010\/11\/agenda3.gif\" alt=\"\" width=\"63\" height=\"68\" \/><\/a>Nous vous rappelons que notre prochaine rencontre se d\u00e9roulera le<br \/>\n<strong>dimanche 17 avril 2011<\/strong> dans l\u2019Aveyron, \u00e0 <strong>Onet le Ch\u00e2teau.<br \/>\n<\/strong><br \/>\n<a href=\"https:\/\/www.associationdemarie.org\/blog\/wp-content\/uploads\/2011\/04\/Duccio_di_Buoninsegna._Maesta_back_central_panel_The_Entry_into_Jerusalem._1308-11._9_jpeg.jpg\"><img loading=\"lazy\" decoding=\"async\" class=\"alignright size-medium wp-image-2909\" title=\"Duccio_di_Buoninsegna._Maesta_back_central_panel_The_Entry_into_Jerusalem._1308-11._9_jpeg\" src=\"https:\/\/www.associationdemarie.org\/blog\/wp-content\/uploads\/2011\/04\/Duccio_di_Buoninsegna._Maesta_back_central_panel_The_Entry_into_Jerusalem._1308-11._9_jpeg-167x300.jpg\" alt=\"\" width=\"134\" height=\"240\" srcset=\"https:\/\/www.associationdemarie.org\/blog\/wp-content\/uploads\/2011\/04\/Duccio_di_Buoninsegna._Maesta_back_central_panel_The_Entry_into_Jerusalem._1308-11._9_jpeg-167x300.jpg 167w, https:\/\/www.associationdemarie.org\/blog\/wp-content\/uploads\/2011\/04\/Duccio_di_Buoninsegna._Maesta_back_central_panel_The_Entry_into_Jerusalem._1308-11._9_jpeg.jpg 485w\" sizes=\"auto, (max-width: 134px) 100vw, 134px\" \/><\/a>Pour ceux qui le souhaitent et le peuvent,<br \/>\nnous assisterons \u00e0 la messe en l\u2019\u00e9glise\u00a0St Joseph Artisan<\/p>\n<p>(Avenue des lilas \u00e0 Onet le Ch\u00e2teau \u2013\u00a0Quatre saisons 12850) \u00e0 10h30.<\/p>\n<p><span style=\"color: #ffffff;\">.<\/span><br \/>\nNous nous rendrons ensuite chez Mme Peyrichou<br \/>\n\u00e0 <strong>Onet le Ch\u00e2teau <\/strong>(La Bertrandie 12850 \u2013\u00a005 65 42 24 41)<\/p>\n<p>pour le pique-nique sorti du sac et le Chapelet,<br \/>\nainsi qu\u2019une pr\u00e9sentation de l\u2019association et une relecture des messages.<\/p>\n<p><span style=\"color: #ffffff;\">.<\/span><\/p>\n<p><span style=\"color: #ffffff;\">.<\/span><\/p>\n","protected":false},"excerpt":{"rendered":"<p>Nous vous rappelons que notre prochaine rencontre se d\u00e9roulera le dimanche 17 avril 2011 dans l\u2019Aveyron, \u00e0 Onet le Ch\u00e2teau. Pour ceux qui le souhaitent et le peuvent, nous assisterons \u00e0 la messe en l\u2019\u00e9glise\u00a0St Joseph Artisan (Avenue des lilas \u00e0 Onet le Ch\u00e2teau \u2013\u00a0Quatre saisons 12850) \u00e0 10h30. . Nous nous rendrons ensuite chez [&hellip;]<\/p>\n","protected":false},"author":2,"featured_media":0,"comment_status":"closed","ping_status":"closed","sticky":false,"template":"","format":"standard","meta":{"footnotes":""},"categories":[2,9,14,17,18],"tags":[668,738,870,882],"class_list":["post-2903","post","type-post","status-publish","format-standard","hentry","category-actualites","category-careme-2011","category-groupe-prieres","category-maison-de-marie-dardouane","category-messager","tag-message","tag-onet-le-chateau","tag-recontre","tag-rendez-vous"],"_links":{"self":[{"href":"https:\/\/www.associationdemarie.org\/blog\/wp-json\/wp\/v2\/posts\/2903","targetHints":{"allow":["GET"]}}],"collection":[{"href":"https:\/\/www.associationdemarie.org\/blog\/wp-json\/wp\/v2\/posts"}],"about":[{"href":"https:\/\/www.associationdemarie.org\/blog\/wp-json\/wp\/v2\/types\/post"}],"author":[{"embeddable":true,"href":"https:\/\/www.associationdemarie.org\/blog\/wp-json\/wp\/v2\/users\/2"}],"replies":[{"embeddable":true,"href":"https:\/\/www.associationdemarie.org\/blog\/wp-json\/wp\/v2\/comments?post=2903"}],"version-history":[{"count":0,"href":"https:\/\/www.associationdemarie.org\/blog\/wp-json\/wp\/v2\/posts\/2903\/revisions"}],"wp:attachment":[{"href":"https:\/\/www.associationdemarie.org\/blog\/wp-json\/wp\/v2\/media?parent=2903"}],"wp:term":[{"taxonomy":"category","embeddable":true,"href":"https:\/\/www.associationdemarie.org\/blog\/wp-json\/wp\/v2\/categories?post=2903"},{"taxonomy":"post_tag","embeddable":true,"href":"https:\/\/www.associationdemarie.org\/blog\/wp-json\/wp\/v2\/tags?post=2903"}],"curies":[{"name":"wp","href":"https:\/\/api.w.org\/{rel}","templated":true}]}}