{"id":2895,"date":"2011-04-11T01:43:21","date_gmt":"2011-04-11T01:43:21","guid":{"rendered":"http:\/\/preprod.meltem-int.com\/marie\/blog\/?p=2895"},"modified":"2011-04-11T01:43:21","modified_gmt":"2011-04-11T01:43:21","slug":"nourriture-spirituelle","status":"publish","type":"post","link":"https:\/\/www.associationdemarie.org\/blog\/nourriture-spirituelle\/","title":{"rendered":"Nourriture spirituelle"},"content":{"rendered":"<p><a href=\"https:\/\/www.associationdemarie.org\/blog\/wp-content\/uploads\/2011\/04\/terrecoeur.jpg\"><img loading=\"lazy\" decoding=\"async\" class=\"alignright size-medium wp-image-2896\" title=\"terrecoeur\" src=\"https:\/\/www.associationdemarie.org\/blog\/wp-content\/uploads\/2011\/04\/terrecoeur-300x300.jpg\" alt=\"\" width=\"210\" height=\"210\" srcset=\"https:\/\/www.associationdemarie.org\/blog\/wp-content\/uploads\/2011\/04\/terrecoeur-300x300.jpg 300w, https:\/\/www.associationdemarie.org\/blog\/wp-content\/uploads\/2011\/04\/terrecoeur-150x150.jpg 150w, https:\/\/www.associationdemarie.org\/blog\/wp-content\/uploads\/2011\/04\/terrecoeur.jpg 320w\" sizes=\"auto, (max-width: 210px) 100vw, 210px\" \/><\/a>\u00ab\u00a0<em>Mes enfants, qu\u2019en ces temps de car\u00eame vous sachiez en chaque jour Lui offrir une parcelle de vous-m\u00eames, une parcelle de votre nature profonde et aimante et non pas un semblant de vous-m\u00eames par une privation que vous donnez par rituel. Non, car en mon Fils ce n\u2019est pas un rite qu\u2019il faut Lui accorder, mais seulement le naturel de chaque chose, de chaque sentiment, de chaque volont\u00e9 d\u2019agir pour que l\u2019union soit, et qu\u2019elle soit inn\u00e9e pour tous.<\/em><\/p>\n<p><em>Mes enfants, je vous demande \u00e0 tous de faire p\u00e9nitence en ces temps afin de suivre la retraite de mon Fils avant sa crucifixion ; je vous demande de faire \u0153uvre d\u2019abstinence et de recueillement. Venez prier et faire don de votre table pour ce monde, apportez tout ceci \u00e0 mon Fils afin qu\u2019Il en fasse don \u00e0 tous ceux qui sont dans la faim et dans l\u2019attente de la bonne parole. Laissez-vous nourrir de l\u2019enseignement Divin et ne d\u00e9tournez pas le regard de votre fr\u00e8re qui souffre ; offrez-lui le don de vous pour que r\u00e8gne ce monde en unit\u00e9 avec le P\u00e8re Eternel<\/em>.\u00a0\u00bb<\/p>\n<p>Marie M\u00e8re des hommes &#8211; f\u00e9vrier 1997<\/p>\n<p>&nbsp;<\/p>\n","protected":false},"excerpt":{"rendered":"<p>\u00ab\u00a0Mes enfants, qu\u2019en ces temps de car\u00eame vous sachiez en chaque jour Lui offrir une parcelle de vous-m\u00eames, une parcelle de votre nature profonde et aimante et non pas un semblant de vous-m\u00eames par une privation que vous donnez par rituel. Non, car en mon Fils ce n\u2019est pas un rite qu\u2019il faut Lui accorder, [&hellip;]<\/p>\n","protected":false},"author":2,"featured_media":0,"comment_status":"closed","ping_status":"closed","sticky":false,"template":"","format":"standard","meta":{"footnotes":""},"categories":[9,19],"tags":[34,184,413,540,795,830],"class_list":["post-2895","post","type-post","status-publish","format-standard","hentry","category-careme-2011","category-messages","tag-abstinence","tag-careme","tag-fils","tag-jeune","tag-pere-eternel","tag-priere"],"_links":{"self":[{"href":"https:\/\/www.associationdemarie.org\/blog\/wp-json\/wp\/v2\/posts\/2895","targetHints":{"allow":["GET"]}}],"collection":[{"href":"https:\/\/www.associationdemarie.org\/blog\/wp-json\/wp\/v2\/posts"}],"about":[{"href":"https:\/\/www.associationdemarie.org\/blog\/wp-json\/wp\/v2\/types\/post"}],"author":[{"embeddable":true,"href":"https:\/\/www.associationdemarie.org\/blog\/wp-json\/wp\/v2\/users\/2"}],"replies":[{"embeddable":true,"href":"https:\/\/www.associationdemarie.org\/blog\/wp-json\/wp\/v2\/comments?post=2895"}],"version-history":[{"count":0,"href":"https:\/\/www.associationdemarie.org\/blog\/wp-json\/wp\/v2\/posts\/2895\/revisions"}],"wp:attachment":[{"href":"https:\/\/www.associationdemarie.org\/blog\/wp-json\/wp\/v2\/media?parent=2895"}],"wp:term":[{"taxonomy":"category","embeddable":true,"href":"https:\/\/www.associationdemarie.org\/blog\/wp-json\/wp\/v2\/categories?post=2895"},{"taxonomy":"post_tag","embeddable":true,"href":"https:\/\/www.associationdemarie.org\/blog\/wp-json\/wp\/v2\/tags?post=2895"}],"curies":[{"name":"wp","href":"https:\/\/api.w.org\/{rel}","templated":true}]}}