{"id":2886,"date":"2011-04-15T01:38:44","date_gmt":"2011-04-15T01:38:44","guid":{"rendered":"http:\/\/preprod.meltem-int.com\/marie\/blog\/?p=2886"},"modified":"2011-04-15T01:38:44","modified_gmt":"2011-04-15T01:38:44","slug":"jeune-et-prieres","status":"publish","type":"post","link":"https:\/\/www.associationdemarie.org\/blog\/jeune-et-prieres\/","title":{"rendered":"Je\u00fbne et pri\u00e8res"},"content":{"rendered":"<p><a href=\"https:\/\/www.associationdemarie.org\/blog\/wp-content\/uploads\/2011\/04\/calvaire.jpeg\"><img loading=\"lazy\" decoding=\"async\" class=\"aligncenter size-medium wp-image-2887\" title=\"calvaire\" src=\"https:\/\/www.associationdemarie.org\/blog\/wp-content\/uploads\/2011\/04\/calvaire-293x300.jpg\" alt=\"\" width=\"293\" height=\"300\" \/><\/a><\/p>\n<p>\u00ab\u00a0<em>Mes enfants, aimez-vous les uns les autres, comme le Christ l&rsquo;a d\u00e9montr\u00e9 par Sa venue sur terre et le Don de Soi offert en pr\u00e9vision de votre incompr\u00e9hension<\/em>.\u00a0\u00bb<\/p>\n<p>Marie M\u00e8re des hommes &#8211; ao\u00fbt 1994<\/p>\n<p>\u00ab\u00a0<em>Venez prier et je\u00fbner au pied du calvaire, vous serez sauv\u00e9s par le sang de mon Fils<\/em>.\u00a0\u00bb<\/p>\n<p>Marie M\u00e8re des hommes &#8211; ao\u00fbt 1995<\/p>\n<p>&nbsp;<\/p>\n","protected":false},"excerpt":{"rendered":"<p>\u00ab\u00a0Mes enfants, aimez-vous les uns les autres, comme le Christ l&rsquo;a d\u00e9montr\u00e9 par Sa venue sur terre et le Don de Soi offert en pr\u00e9vision de votre incompr\u00e9hension.\u00a0\u00bb Marie M\u00e8re des hommes &#8211; ao\u00fbt 1994 \u00ab\u00a0Venez prier et je\u00fbner au pied du calvaire, vous serez sauv\u00e9s par le sang de mon Fils.\u00a0\u00bb Marie M\u00e8re des [&hellip;]<\/p>\n","protected":false},"author":2,"featured_media":0,"comment_status":"closed","ping_status":"closed","sticky":false,"template":"","format":"standard","meta":{"footnotes":""},"categories":[9,19],"tags":[178,184,220,540,830,956,1177],"class_list":["post-2886","post","type-post","status-publish","format-standard","hentry","category-careme-2011","category-messages","tag-calvaire","tag-careme","tag-christ","tag-jeune","tag-priere","tag-sang","tag-vendredi-saint"],"_links":{"self":[{"href":"https:\/\/www.associationdemarie.org\/blog\/wp-json\/wp\/v2\/posts\/2886","targetHints":{"allow":["GET"]}}],"collection":[{"href":"https:\/\/www.associationdemarie.org\/blog\/wp-json\/wp\/v2\/posts"}],"about":[{"href":"https:\/\/www.associationdemarie.org\/blog\/wp-json\/wp\/v2\/types\/post"}],"author":[{"embeddable":true,"href":"https:\/\/www.associationdemarie.org\/blog\/wp-json\/wp\/v2\/users\/2"}],"replies":[{"embeddable":true,"href":"https:\/\/www.associationdemarie.org\/blog\/wp-json\/wp\/v2\/comments?post=2886"}],"version-history":[{"count":1,"href":"https:\/\/www.associationdemarie.org\/blog\/wp-json\/wp\/v2\/posts\/2886\/revisions"}],"predecessor-version":[{"id":9167,"href":"https:\/\/www.associationdemarie.org\/blog\/wp-json\/wp\/v2\/posts\/2886\/revisions\/9167"}],"wp:attachment":[{"href":"https:\/\/www.associationdemarie.org\/blog\/wp-json\/wp\/v2\/media?parent=2886"}],"wp:term":[{"taxonomy":"category","embeddable":true,"href":"https:\/\/www.associationdemarie.org\/blog\/wp-json\/wp\/v2\/categories?post=2886"},{"taxonomy":"post_tag","embeddable":true,"href":"https:\/\/www.associationdemarie.org\/blog\/wp-json\/wp\/v2\/tags?post=2886"}],"curies":[{"name":"wp","href":"https:\/\/api.w.org\/{rel}","templated":true}]}}