{"id":287,"date":"2009-06-11T17:19:14","date_gmt":"2009-06-11T17:19:14","guid":{"rendered":"http:\/\/preprod.meltem-int.com\/marie\/blog\/?p=287"},"modified":"2009-06-11T17:19:14","modified_gmt":"2009-06-11T17:19:14","slug":"lys-blanc","status":"publish","type":"post","link":"https:\/\/www.associationdemarie.org\/blog\/lys-blanc\/","title":{"rendered":"Lys blanc"},"content":{"rendered":"<p><img loading=\"lazy\" decoding=\"async\" class=\"alignright size-full wp-image-286\" title=\"lys\" src=\"https:\/\/www.associationdemarie.org\/blog\/wp-content\/uploads\/2009\/06\/lys.jpg\" alt=\"lys\" width=\"300\" height=\"200\" \/><em><strong>C&rsquo;est l&rsquo;esp\u00e8ce la plus courante dans les jardins de nos grand-m\u00e8res. La plus parfum\u00e9e, aussi. Qui ne se souvient pas de s&rsquo;\u00eatre trouv\u00e9 maquill\u00e9 de pollen pour avoir mis le nez dedans ?<\/strong><\/em><\/p>\n<p><strong>Lys de la Madone<\/strong> : Pour sa blancheur \u00e9clatante, symbole de puret\u00e9 et de virginit\u00e9, le lys blanc est devenue la fleur de la Vierge Marie. (Dans ce r\u00f4le de fleur embl\u00e8me de Marie, le lys a succ\u00e9d\u00e9 \u00e0 la rose, symbole de l&rsquo;amour.) Le lys est ensuite devenu la fleur de la royaut\u00e9 fran\u00e7aise, celle-ci ayant \u00e9t\u00e9 plac\u00e9e sous le patronage de la Vierge. Vers la m\u00eame \u00e9poque, le lys s&rsquo;est trouv\u00e9 assimil\u00e9 \u00e0 l&rsquo;antique fleuron stylis\u00e9, connu depuis sous le nom de \u00ab\u00a0<strong>fleur de lys<\/strong>\u00ab\u00a0.<\/p>\n","protected":false},"excerpt":{"rendered":"<p>C&rsquo;est l&rsquo;esp\u00e8ce la plus courante dans les jardins de nos grand-m\u00e8res. La plus parfum\u00e9e, aussi. Qui ne se souvient pas de s&rsquo;\u00eatre trouv\u00e9 maquill\u00e9 de pollen pour avoir mis le nez dedans ? Lys de la Madone : Pour sa blancheur \u00e9clatante, symbole de puret\u00e9 et de virginit\u00e9, le lys blanc est devenue la fleur [&hellip;]<\/p>\n","protected":false},"author":2,"featured_media":0,"comment_status":"closed","ping_status":"closed","sticky":false,"template":"","format":"standard","meta":{"footnotes":""},"categories":[16],"tags":[423,604,606,709,854,1193],"class_list":["post-287","post","type-post","status-publish","format-standard","hentry","category-jardins-de-la-bible","tag-fleur","tag-lys","tag-madone","tag-nature","tag-purete","tag-virginite"],"_links":{"self":[{"href":"https:\/\/www.associationdemarie.org\/blog\/wp-json\/wp\/v2\/posts\/287","targetHints":{"allow":["GET"]}}],"collection":[{"href":"https:\/\/www.associationdemarie.org\/blog\/wp-json\/wp\/v2\/posts"}],"about":[{"href":"https:\/\/www.associationdemarie.org\/blog\/wp-json\/wp\/v2\/types\/post"}],"author":[{"embeddable":true,"href":"https:\/\/www.associationdemarie.org\/blog\/wp-json\/wp\/v2\/users\/2"}],"replies":[{"embeddable":true,"href":"https:\/\/www.associationdemarie.org\/blog\/wp-json\/wp\/v2\/comments?post=287"}],"version-history":[{"count":0,"href":"https:\/\/www.associationdemarie.org\/blog\/wp-json\/wp\/v2\/posts\/287\/revisions"}],"wp:attachment":[{"href":"https:\/\/www.associationdemarie.org\/blog\/wp-json\/wp\/v2\/media?parent=287"}],"wp:term":[{"taxonomy":"category","embeddable":true,"href":"https:\/\/www.associationdemarie.org\/blog\/wp-json\/wp\/v2\/categories?post=287"},{"taxonomy":"post_tag","embeddable":true,"href":"https:\/\/www.associationdemarie.org\/blog\/wp-json\/wp\/v2\/tags?post=287"}],"curies":[{"name":"wp","href":"https:\/\/api.w.org\/{rel}","templated":true}]}}