{"id":2852,"date":"2011-04-07T01:11:57","date_gmt":"2011-04-07T01:11:57","guid":{"rendered":"http:\/\/preprod.meltem-int.com\/marie\/blog\/?p=2852"},"modified":"2011-04-07T01:11:57","modified_gmt":"2011-04-07T01:11:57","slug":"je-batis-une-cathedrale","status":"publish","type":"post","link":"https:\/\/www.associationdemarie.org\/blog\/je-batis-une-cathedrale\/","title":{"rendered":"\u00ab\u00a0Je b\u00e2tis une cath\u00e9drale.\u00a0\u00bb"},"content":{"rendered":"<p><a href=\"https:\/\/www.associationdemarie.org\/blog\/wp-content\/uploads\/2011\/04\/Mur.jpg\"><img loading=\"lazy\" decoding=\"async\" class=\"aligncenter size-medium wp-image-2854\" title=\"Mur\" src=\"https:\/\/www.associationdemarie.org\/blog\/wp-content\/uploads\/2011\/04\/Mur-300x62.jpg\" alt=\"\" width=\"300\" height=\"62\" srcset=\"https:\/\/www.associationdemarie.org\/blog\/wp-content\/uploads\/2011\/04\/Mur-300x62.jpg 300w, https:\/\/www.associationdemarie.org\/blog\/wp-content\/uploads\/2011\/04\/Mur-1024x213.jpg 1024w, https:\/\/www.associationdemarie.org\/blog\/wp-content\/uploads\/2011\/04\/Mur.jpg 1660w\" sizes=\"auto, (max-width: 300px) 100vw, 300px\" \/><\/a><\/p>\n<p>Vers 1163, un nouvel arrivant \u00e0 Paris entend un bruit r\u00e9gulier,\u00a0comme quelqu\u2019un qui frappe sans arr\u00eat un objet dur. Il suit le bruit et\u00a0d\u00e9couvre un grand chantier auquel trois hommes travaillent.<\/p>\n<p>Il se dirige vers le premier qui travaille dur un morceau de pierre\u00a0\u00e0 l\u2019aide d\u2019un outil et lui demande ce qu\u2019il fait. L\u2019autre lui r\u00e9pond,\u00a0visiblement agac\u00e9 : <em>\u00ab Je suis un tailleur de pierre, tu le vois bien ce que <\/em><em>je fais, je taille des pierres ! \u00bb<\/em><\/p>\n<p>Il en voit un second occup\u00e9 \u00e0 la m\u00eame t\u00e2che et lui pose la m\u00eame\u00a0question, \u00e0 laquelle celui-ci r\u00e9pond aimablement: <em>\u00ab Je taille la pierre <\/em><em>angulaire d\u2019une arche de vo\u00fbte \u00bb.<\/em><\/p>\n<p>Finalement, il interroge de la m\u00eame mani\u00e8re un troisi\u00e8me. Ce dernier lui\u00a0r\u00e9pond d\u2019un ton enthousiaste : <em>\u00ab Moi, monsieur, je suis tailleur de pierre <\/em><em>et je b\u00e2tis une cath\u00e9drale ! \u00bb<\/em><\/p>\n<p>Ce dernier avait, lui, trouv\u00e9 un sens \u00e0 ses gestes, la\u00a0construction de&#8230; Notre-Dame de Paris !<\/p>\n<p>&nbsp;<\/p>\n","protected":false},"excerpt":{"rendered":"<p>Vers 1163, un nouvel arrivant \u00e0 Paris entend un bruit r\u00e9gulier,\u00a0comme quelqu\u2019un qui frappe sans arr\u00eat un objet dur. Il suit le bruit et\u00a0d\u00e9couvre un grand chantier auquel trois hommes travaillent. Il se dirige vers le premier qui travaille dur un morceau de pierre\u00a0\u00e0 l\u2019aide d\u2019un outil et lui demande ce qu\u2019il fait. L\u2019autre lui [&hellip;]<\/p>\n","protected":false},"author":2,"featured_media":0,"comment_status":"closed","ping_status":"closed","sticky":false,"template":"","format":"standard","meta":{"footnotes":""},"categories":[2,9,15,16,17],"tags":[135,336,805,1125],"class_list":["post-2852","post","type-post","status-publish","format-standard","hentry","category-actualites","category-careme-2011","category-histoire","category-jardins-de-la-bible","category-maison-de-marie-dardouane","tag-batisseur","tag-eglise","tag-pierre","tag-tailleur-de-pierre"],"_links":{"self":[{"href":"https:\/\/www.associationdemarie.org\/blog\/wp-json\/wp\/v2\/posts\/2852","targetHints":{"allow":["GET"]}}],"collection":[{"href":"https:\/\/www.associationdemarie.org\/blog\/wp-json\/wp\/v2\/posts"}],"about":[{"href":"https:\/\/www.associationdemarie.org\/blog\/wp-json\/wp\/v2\/types\/post"}],"author":[{"embeddable":true,"href":"https:\/\/www.associationdemarie.org\/blog\/wp-json\/wp\/v2\/users\/2"}],"replies":[{"embeddable":true,"href":"https:\/\/www.associationdemarie.org\/blog\/wp-json\/wp\/v2\/comments?post=2852"}],"version-history":[{"count":0,"href":"https:\/\/www.associationdemarie.org\/blog\/wp-json\/wp\/v2\/posts\/2852\/revisions"}],"wp:attachment":[{"href":"https:\/\/www.associationdemarie.org\/blog\/wp-json\/wp\/v2\/media?parent=2852"}],"wp:term":[{"taxonomy":"category","embeddable":true,"href":"https:\/\/www.associationdemarie.org\/blog\/wp-json\/wp\/v2\/categories?post=2852"},{"taxonomy":"post_tag","embeddable":true,"href":"https:\/\/www.associationdemarie.org\/blog\/wp-json\/wp\/v2\/tags?post=2852"}],"curies":[{"name":"wp","href":"https:\/\/api.w.org\/{rel}","templated":true}]}}